{"id":206,"date":"2019-07-28T11:49:37","date_gmt":"2019-07-28T11:49:37","guid":{"rendered":"https:\/\/altisk-karcag.hu\/wp\/?p=206"},"modified":"2024-08-14T09:40:43","modified_gmt":"2024-08-14T09:40:43","slug":"testveriskolai-egyuttmukodes-a-delvideken","status":"publish","type":"post","link":"https:\/\/altisk-karcag.hu\/?p=206","title":{"rendered":"\u201eTestv\u00e9riskolai egy\u00fcttm\u0171k\u00f6d\u00e9s a D\u00e9lvid\u00e9ken\u201d"},"content":{"rendered":"<p style=\"text-align: justify;\">A 18. sz\u00e1zadban karcagiak telep\u00fcltek ki B\u00e1cskossuthfalv\u00e1ra. Napjainkban a testv\u00e9r-telep\u00fcl\u00e9si kapcsolatok akt\u00edvv\u00e1 v\u00e1l\u00e1s\u00e1val, a moravici id\u0151s Kov\u00e1cs Gyula \u00c1ltal\u00e1nos Iskola \u00e9s a karcagi Kov\u00e1ts Tagint\u00e9zm\u00e9ny tantest\u00fclet\u00e9nek szakmai egy\u00fcttm\u0171k\u00f6d\u00e9s\u00e9vel, a di\u00e1kok utaztat\u00e1s\u00e1val \u00fajtipus\u00fa kirajz\u00e1s r\u00e9szesei vagyunk. A m\u00faltban gy\u00f6kerez\u0151 sz\u00e1lakat szeretn\u00e9nk er\u0151s\u00edteni a fiatalokban &#8211; a k\u00f6z\u00f6s \u00e9rt\u00e9kek felt\u00e1r\u00e1s\u00e1val, a 2016-ban megk\u00f6t\u00f6tt testv\u00e9riskolai meg\u00e1llapod\u00e1ssal. Ezt a t\u00f6rekv\u00e9st seg\u00edtette a nyolcadik alkalommal megszervezett \u00fat, melynek anyagi fedezet\u00e9t a HAT-18-01-0376 p\u00e1ly\u00e1zatunk biztos\u00edtotta.<\/p>\n<p style=\"text-align: justify;\">D\u00e9lvid\u00e9ki els\u0151 meg\u00e1ll\u00f3nk Szabadk\u00e1n volt, ahol s\u00e9t\u00e1ltunk a belv\u00e1rosban, ismerkedt\u00fcnk a szecesszi\u00f3s \u00e9p\u00edt\u00e9szet jegyeivel.\u00a0 Megcsod\u00e1ltuk a V\u00e1rosh\u00e1z\u00e1t, melynek \u00e9p\u00edt\u0151i magyar mesterek voltak, d\u00edsz\u00edt\u00e9se a magyar t\u00f6rt\u00e9nelem jelk\u00e9peit tartalmazza. A Kosztol\u00e1nyi-eml\u00e9kszob\u00e1ban a magyar irodalom \u00f3r\u00e1kon tanult k\u00f6lt\u0151k eml\u00e9keit, valamint Kosztol\u00e1nyi m\u0171veit l\u00e1thattuk. Fot\u00f3zkodtunk a Zsolnai sz\u00f6k\u0151k\u00fatn\u00e1l, a fel\u00faj\u00edtott zsinag\u00f3g\u00e1ban \u00e9s Kosztol\u00e1nyi k\u00f6zt\u00e9ri szobra el\u0151tt. Bajmokhoz k\u00f6zeledve r\u00f6vid meg\u00e1ll\u00f3 k\u00f6vetkezett, szalagk\u00f6t\u00e9s \u00e9s eml\u00e9kez\u00e9s az 1848-49-es szabads\u00e1gharc \u00fctk\u00f6zete, a kaponyai csata eml\u00e9km\u0171v\u00e9n\u00e9l.<\/p>\n<p style=\"text-align: justify;\">A csapat sz\u00e1ll\u00e1sa a Miksz\u00e1th K\u00e1lm\u00e1n: Noszty fi\u00fa esete T\u00f3th Marival c\u00edm\u0171 reg\u00e9ny f\u0151h\u0151sn\u0151j\u00e9nek, Ung\u00e1r Pirosk\u00e1nak a csal\u00e1dj\u00e1\u00e9 volt. Ez k\u00fcl\u00f6n \u00e9rdekess\u00e9 tette ezt a helyet. A falu t\u00f6rt\u00e9nelm\u00e9nek, nevezetess\u00e9geinek, legend\u00e1inak megismer\u00e9s\u00e9ben a moravici iskola tan\u00e1ra seg\u00edtett nek\u00fcnk. Szalagot k\u00f6t\u00f6tt\u00fcnk a Kossuth-szoborra, el\u00e9nekelt\u00fcnk egy Kossuth-n\u00f3t\u00e1t. Folyamatosan a k\u00f6z\u00f6s eredet nyomainak felfedez\u00e9se zajlott: mi az, amit otthon m\u00e1r l\u00e1thattam? Legt\u00f6bb hasonl\u00f3s\u00e1got a helyt\u00f6rt\u00e9neti ki\u00e1ll\u00edt\u00e1son \u00e9s a patikam\u00fazeumban tal\u00e1ltunk. A reform\u00e1tus templom udvar\u00e1n kunbaba \u00e9s turulszobor van, ilyeneket n\u00e1lunk is l\u00e1thatunk.<\/p>\n<p style=\"text-align: justify;\">A moravici tanul\u00f3kkal vegyesen n\u00e9gyf\u0151s csapatokat alak\u00edtottunk a j\u00e1t\u00e9kos helyt\u00f6rt\u00e9neti vet\u00e9lked\u0151h\u00f6z, mely sor\u00e1n bej\u00e1rtuk \u00fajra a falut, de m\u00e1r a helyi di\u00e1kokkal egy\u00fcttm\u0171k\u00f6dve.<br \/>\nEste a tornateremben j\u00e1t\u00e9kos sorversenyt szerveztek a testv\u00e9riskola nevel\u0151i.<\/p>\n<p style=\"text-align: justify;\">M\u00e1snap kor\u00e1n kelt\u00fcnk, eg\u00e9sz napos kir\u00e1ndul\u00e1s v\u00e1rt r\u00e1nk. \u00d3becs\u00e9n a Than testv\u00e9rek eml\u00e9kh\u00e1z\u00e1ban remek\u00fcl \u00e9rezte mag\u00e1t a csapat.\u00a0 Than K\u00e1roly vegy\u00e9sz tisztelet\u00e9re egy term\u00e9szettudom\u00e1nyos j\u00e1tsz\u00f3h\u00e1zat alak\u00edtottak ki. A leveg\u0151\u00e1gy\u00fat\u00f3l kezdve a g\u00f6rbe t\u00fck\u00f6rig, a logikai j\u00e1t\u00e9kokig sok mindent kipr\u00f3b\u00e1ltunk, mik\u00f6zben Than M\u00f3r festm\u00e9nyeit is megcsod\u00e1ltuk. A Tisz\u00e1t a Dun\u00e1val \u00f6sszek\u00f6t\u0151 Ferencz- csatorn\u00e1ra \u00e9p\u00edtett zsilip a 20. sz\u00e1zad elej\u00e9nek vil\u00e1gh\u00edr\u0171 \u00e9p\u00edtm\u00e9nye volt a technikai megold\u00e1sai miatt. Tervez\u00e9s\u00e9ben k\u00f6zrem\u0171k\u00f6d\u00f6tt a k\u00e9s\u0151bb h\u00edress\u00e9 v\u00e1lt Gustav Eiffel is.<\/p>\n<p style=\"text-align: justify;\">T\u00f6r\u00f6kbecs\u00e9re buszoztunk tov\u00e1bb, ahol Gr\u00f3f Leiningen-Westerburg K\u00e1roly utols\u00f3 napjair\u00f3l, csal\u00e1dj\u00e1r\u00f3l mes\u00e9lt k\u00eds\u00e9r\u0151nk, Crnkovity G\u00e1bor, a moravici iskola igazgat\u00f3ja, majd a t\u00f6rt\u00e9nelmi esem\u00e9nyek feleleven\u00edt\u00e9se ut\u00e1n szalagot k\u00f6t\u00f6tt\u00fcnk az aradi v\u00e9rtan\u00fa tisztelet\u00e9re. Ezt a szobrot v\u00e1rosunk szobr\u00e1szm\u0171v\u00e9sze, Gy\u00f6rfi S\u00e1ndor k\u00e9sz\u00edtette.<\/p>\n<p style=\"text-align: justify;\">A beodrai Traktorm\u00fazeum \u00e9s ki\u00e1ll\u00edt\u00e1s a szakmatanul\u00e1shoz, p\u00e1lyaorient\u00e1ci\u00f3hoz is seg\u00edts\u00e9get adott. Rengeteg r\u00e9gi j\u00e1rm\u0171vet, m\u0171k\u00f6d\u0151 modelleket, m\u00e1ra kihalt mesters\u00e9gek eszk\u00f6zeit l\u00e1ttunk. A csoporttal utaz\u00f3 L\u00e9vai K\u00e1lm\u00e1n a gy\u0171jtem\u00e9ny tulajdonos\u00e1nak egy \u0151si szalagos magn\u00f3t aj\u00e1nd\u00e9kozott, mellyel nagy \u00f6r\u00f6m\u00f6t szerzett, hisz ilyen m\u00e9g nem volt. A k\u00f6zelm\u00faltban alak\u00edtottak ki egy ki\u00e1ll\u00edt\u00f3helyet, mellyel az ott sz\u00fcletett Popov \u00e9let\u00e9t, \u00fcgyn\u00f6ki m\u00faltj\u00e1t mutatj\u00e1k be. R\u00f3la mint\u00e1zt\u00e1k meg a James Bond filmek f\u0151h\u0151s\u00e9t.<\/p>\n<p style=\"text-align: justify;\">Az aracsi \u00c1rp\u00e1d-kori pusztatemplom a d\u00e9lvid\u00e9ki magyars\u00e1g jelk\u00e9p\u00e9v\u00e9 v\u00e1lt, t\u00e9gl\u00e1i a Budai-hegys\u00e9gb\u0151l val\u00f3k. \u00d3becs\u00e9re visszat\u00e9rve szabad program k\u00f6vetkezett, k\u00f6z\u00f6s fagyiz\u00e1s, v\u00e1s\u00e1rl\u00e1s.<br \/>\n\u00daton hazafel\u00e9 a napi esem\u00e9nyekhez, l\u00e1tnival\u00f3khoz kapcsol\u00f3d\u00f3an z\u00e1poroztak a k\u00e9rd\u00e9sek, melyek helyes megv\u00e1laszol\u00e1s\u00e1\u00e9rt cukork\u00e1t, valamint pontot lehetett kapni. \u00d6t pontot f\u00f6ldrajzb\u00f3l, vagy t\u00f6rt\u00e9nelemb\u0151l be lehetett v\u00e1ltani egy \u00f6t\u00f6sre.<\/p>\n<p style=\"text-align: justify;\">A harmadik napon az els\u0151 c\u00e9l\u00e1llom\u00e1s Topolya mez\u0151v\u00e1ros volt.\u00a0 A t\u00e1jh\u00e1zban r\u00e1j\u00f6tt\u00fcnk arra, hogy az ottani emberek hasonl\u00f3an \u00e9ltek, laktak, mint nagysz\u00fcleink, d\u00e9dsz\u00fcleink.\u00a0 A kov\u00e1cs-, bogn\u00e1r m\u0171helyben a r\u00e9gi mesters\u00e9gek tanulm\u00e1nyoz\u00e1sa volt a c\u00e9l, a Krai kast\u00e9lyban m\u0171k\u00f6d\u0151 m\u00fazeum gazdag ki\u00e1ll\u00edt\u00e1sa t\u00f6bb meglepet\u00e9st tartogatott. L\u00e1ttunk mamutfogat, megtekintett\u00fck a Munk Art\u00far (\u00edr\u00f3, orvos, katonaorvos) tisztelet\u00e9re k\u00e9sz\u00edtett ki\u00e1ll\u00edt\u00e1st, \u2026 Kis csoportokban t\u00f6lthett\u00fck el a szabadid\u0151t, gyakorolhattuk a din\u00e1rral val\u00f3 v\u00e1s\u00e1rl\u00e1st, fizet\u00e9st.<\/p>\n<p style=\"text-align: justify;\">Topolya hat\u00e1r\u00e1ban tal\u00e1ltunk egy sz\u00e9lmalmot, melynek hi\u00e1nyzott a vitorl\u00e1ja, mint a mi\u00e9nknek. Kiscsapatunk \u00e9ppen k\u00f6rbe\u00e9rte.<br \/>\nD\u00e9lvid\u00e9ki kalandoz\u00e1sunk utols\u00f3 helysz\u00edne Palics volt.\u00a0 S\u00e9t\u00e1ltunk a t\u00f3parton, a parkban, tanulm\u00e1nyoztuk a szecesszi\u00f3s vill\u00e1kat, \u00e9p\u00edtm\u00e9nyeket, fot\u00f3zkodtunk Vermes Lajos szobr\u00e1n\u00e1l, aki az \u00fajkori olimpi\u00e1k el\u0151tt palicsi ny\u00e1ri \u00e9s t\u00e9li olimpiai j\u00e1t\u00e9kokat szervezett. A hatalmas \u00e1llatkertre a m\u00e1sf\u00e9l \u00f3ra kev\u00e9s volt egyeseknek, de indulnunk kellett, hisz az iskol\u00e1ban m\u00e9g v\u00e1rtak benn\u00fcnket. A gazdag program az iskolai t\u00e1ncesttel z\u00e1rult.<\/p>\n<p style=\"text-align: justify;\">A negyedik napon reggel elk\u00f6sz\u00f6nt\u00fcnk a sz\u00e1ll\u00e1sad\u00f3kt\u00f3l. A b\u00facs\u00fa pillanatai k\u00f6zben eml\u00edt\u00e9st tett\u00fcnk a Nemzeti \u00d6sszetartoz\u00e1s napj\u00e1r\u00f3l, arr\u00f3l, mi\u00e9rt fontosak ezek a l\u00e1togat\u00e1sok, majd csatlakoztunk a moravici di\u00e1kokhoz, akikn\u00e9l az iskolah\u00e9t lez\u00e1r\u00e1s\u00e1ra zajlott. R\u00e9szt vehett\u00fcnk a bar\u00e1ts\u00e1gr\u00f3l, a csal\u00e1dr\u00f3l, k\u00f6t\u0151d\u00e9sekr\u0151l, szerelemr\u0151l sz\u00f3l\u00f3 j\u00e1t\u00e9kos vet\u00e9lked\u0151n.<\/p>\n<p style=\"text-align: justify;\">Az iskola eb\u00e9ddel vend\u00e9gelte meg csapatunkat, majd m\u00e9g s\u00e9t\u00e1ltunk a faluban, megn\u00e9zt\u00fck helyt\u00f6rt\u00e9neti ki\u00e1ll\u00edt\u00e1st \u00e9s a gal\u00e9ri\u00e1t. Vend\u00e9gl\u00e1t\u00f3inkt\u00f3l elb\u00facs\u00faztunk \u00e9s hazaindultunk.<\/p>\n<p style=\"text-align: justify;\">Ism\u00e9t Tomp\u00e1n\u00e1l l\u00e9pt\u00fck \u00e1t a hat\u00e1rt. A buszsof\u0151r pihen\u0151j\u00e9t Kecskem\u00e9ten t\u00f6lt\u00f6tte, \u00edgy a gyors\u00e9tteremben megvacsor\u00e1zhattunk.<\/p>\n<p style=\"text-align: justify;\">Kicsit f\u00e1radtan, de j\u00f3 hangulatban \u00e9rkezt\u00fcnk haza. Az iskola el\u0151tt a sz\u00fcl\u0151k, hozz\u00e1tartoz\u00f3k m\u00e1r v\u00e1rt\u00e1k a csoportot. Megkezd\u0151dtek az \u00e9lm\u00e9nybesz\u00e1mol\u00f3k, melyek az \u00e9rt\u00e9kel\u0151- \u00e9s a bemutat\u00f3 \u00f3r\u00e1n folytat\u00f3dtak.<\/p>\n<p style=\"text-align: justify;\">\u00d6sszess\u00e9g\u00e9ben kellemes utunk volt, sok programmal, alakul\u00f3 kapcsolatokkal. A 22 hetedikes Kov\u00e1ts-os di\u00e1k \u00e9s n\u00e9gy k\u00eds\u00e9r\u0151je maradand\u00f3 \u00e9lm\u00e9nyekkel z\u00e1rta a \u201eHat\u00e1rtalanul!\u201d programot.<\/p>\n<p style=\"text-align: justify;\">Az Emberi Er\u0151forr\u00e1sok Miniszt\u00e9riuma p\u00e1ly\u00e1zata \u00e1ltal finansz\u00edrozott \u00fat megval\u00f3s\u00edt\u00e1s\u00e1ra<br \/>\n1\u00a0181 375,- Ft-ot nyert\u00fcnk.<\/p>\n<p>K\u00f6sz\u00f6nj\u00fck a lehet\u0151s\u00e9get!<\/p>\n<p>L\u00e9vain\u00e9 Kov\u00e1cs R\u00f3za<br \/>\nint\u00e9zm\u00e9nyvezet\u0151-helyettes<br \/>\nprojektvezet\u0151<\/p>\n<figure style=\"width: 400px\" class=\"wp-caption alignnone\"><a href=\"https:\/\/photos.app.goo.gl\/Y3PG1RZuQwmxayWG9\" target=\"_blank\" rel=\"noopener noreferrer\"><img decoding=\"async\" loading=\"lazy\" style=\"width: 400px; height: 267px;\" src=\"https:\/\/altisk-karcag.hu\/wp\/kiskulcsos\/wp-content\/uploads\/sites\/3\/2019\/07\/Hatartalanul2019.JPG\" alt=\"\" width=\"400\" height=\"267\" \/><\/a><figcaption class=\"wp-caption-text\">Gal\u00e9ria<\/figcaption><\/figure>\n","protected":false},"excerpt":{"rendered":"<p><P style='text-align:justify'>A 18. sz\u00e1zadban karcagiak telep\u00fcltek ki B\u00e1cskossuthfalv\u00e1ra. Napjainkban a testv\u00e9r-telep\u00fcl\u00e9si kapcsolatok akt\u00edvv\u00e1 v\u00e1l\u00e1s\u00e1val, a moravici id\u0151s Kov\u00e1cs Gyula \u00c1ltal\u00e1nos Iskola \u00e9s a karcagi Kov\u00e1ts Tagint\u00e9zm\u00e9ny tantest\u00fclet\u00e9nek szakmai egy\u00fcttm\u0171k\u00f6d\u00e9s\u00e9vel, a di\u00e1kok utaztat\u00e1s\u00e1val \u00fajtipus\u00fa kirajz\u00e1s r\u00e9szesei vagyunk. A m\u00faltban gy\u00f6kerez\u0151 sz\u00e1lakat szeretn\u00e9nk er\u0151s\u00edteni a fiatalokban &#8211; a k\u00f6z\u00f6s \u00e9rt\u00e9kek felt\u00e1r\u00e1s\u00e1val, a 2016-ban megk\u00f6t\u00f6tt testv\u00e9riskolai meg\u00e1llapod\u00e1ssal. Ezt a t\u00f6rekv\u00e9st seg\u00edtette a nyolcadik alkalommal megszervezett \u00fat, melynek anyagi fedezet\u00e9t a HAT-18-01-0376 p\u00e1ly\u00e1zatunk biztos\u00edtotta.<\/P><\/p>\n","protected":false},"author":1,"featured_media":207,"comment_status":"closed","ping_status":"closed","sticky":false,"template":"","format":"standard","meta":{"footnotes":""},"categories":[11],"tags":[],"_links":{"self":[{"href":"https:\/\/altisk-karcag.hu\/index.php?rest_route=\/wp\/v2\/posts\/206"}],"collection":[{"href":"https:\/\/altisk-karcag.hu\/index.php?rest_route=\/wp\/v2\/posts"}],"about":[{"href":"https:\/\/altisk-karcag.hu\/index.php?rest_route=\/wp\/v2\/types\/post"}],"author":[{"embeddable":true,"href":"https:\/\/altisk-karcag.hu\/index.php?rest_route=\/wp\/v2\/users\/1"}],"replies":[{"embeddable":true,"href":"https:\/\/altisk-karcag.hu\/index.php?rest_route=%2Fwp%2Fv2%2Fcomments&post=206"}],"version-history":[{"count":6,"href":"https:\/\/altisk-karcag.hu\/index.php?rest_route=\/wp\/v2\/posts\/206\/revisions"}],"predecessor-version":[{"id":291,"href":"https:\/\/altisk-karcag.hu\/index.php?rest_route=\/wp\/v2\/posts\/206\/revisions\/291"}],"wp:featuredmedia":[{"embeddable":true,"href":"https:\/\/altisk-karcag.hu\/index.php?rest_route=\/wp\/v2\/media\/207"}],"wp:attachment":[{"href":"https:\/\/altisk-karcag.hu\/index.php?rest_route=%2Fwp%2Fv2%2Fmedia&parent=206"}],"wp:term":[{"taxonomy":"category","embeddable":true,"href":"https:\/\/altisk-karcag.hu\/index.php?rest_route=%2Fwp%2Fv2%2Fcategories&post=206"},{"taxonomy":"post_tag","embeddable":true,"href":"https:\/\/altisk-karcag.hu\/index.php?rest_route=%2Fwp%2Fv2%2Ftags&post=206"}],"curies":[{"name":"wp","href":"https:\/\/api.w.org\/{rel}","templated":true}]}}