{"id":1300,"date":"2022-05-02T06:36:30","date_gmt":"2022-05-02T06:36:30","guid":{"rendered":"https:\/\/altisk-karcag.hu\/?p=1300"},"modified":"2024-08-14T09:31:38","modified_gmt":"2024-08-14T09:31:38","slug":"kornyezetismeret-verseny","status":"publish","type":"post","link":"https:\/\/altisk-karcag.hu\/?p=1300","title":{"rendered":"K\u00f6rnyezetismeret verseny"},"content":{"rendered":"\n<p><\/p>\n\n\n\n<p>2022. \u00e1prilis 26-\u00e1n iskol\u00e1nk 3 tanul\u00f3ja vett r\u00e9szt a K\u00c1I AMI Kiskulcsosi \u00c1ltal\u00e1nos Iskolai<br>Tagint\u00e9zm\u00e9nye \u00e1ltal megrendezett k\u00f6rnyezetismeret versenyen.<br>A 4. \u00e9vfolyam tanul\u00f3i k\u00f6z\u00fcl kellett kiv\u00e1lasztani, hogy kik is k\u00e9pviselj\u00e9k iskol\u00e1nkat. Mivel t\u00f6bb<br>jelentkez\u0151 volt, egy iskolai helyi fordul\u00f3val d\u00f6nt\u00f6tt\u00fcnk.<br>Nem kis izgalommal \u00e9s odaad\u00e1ssal l\u00e1ttak neki a legjobb eredm\u00e9nyt el\u00e9rt tanul\u00f3k a<br>felk\u00e9sz\u00fcl\u00e9snek. K\u00f6sz\u00f6nj\u00fck a sz\u00fcl\u0151knek is a seg\u00edts\u00e9get \u00e9s a t\u00e1mogat\u00e1st.<br>El\u00e9rkezett a verseny napja \u00e9s a megm\u00e9rettet\u00e9s. 4 v\u00e1ltozatos feladatot \u00e9s feladatlapot kellett<br>megoldaniuk a versenyz\u0151knek, ami nagy r\u00e9szben az el\u0151re kiadott szakirodalomhoz<br>kapcsol\u00f3dott. Ut\u00e1na vill\u00e1mk\u00e9rd\u00e9sek k\u00f6vetkeztek, ami pr\u00f3b\u00e1ra tette minden versenyz\u0151<br>\u00f6sszpontos\u00edt\u00f3 k\u00e9pess\u00e9g\u00e9t \u00e9s az \u00e1ltal\u00e1nos tud\u00e1s\u00e1t is.<br>Am\u00edg a zs\u0171ri \u00f6sszesz\u00e1molta a pontokat, addig egy \u00e1sv\u00e1ny ki\u00e1ll\u00edt\u00e1st n\u00e9zhett\u00fcnk meg, ami<br>szint\u00e9n nagyon \u00e9rdekes \u00e9s l\u00e1tv\u00e1nyos volt. A gyerekek az elhaszn\u00e1lt energi\u00e1jukat is<br>p\u00f3tolhatt\u00e1k egy kis s\u00fctivel \u00e9s \u00fcd\u00edt\u0151vel.<br>Azt\u00e1n k\u00f6vetkezett az eredm\u00e9nyhirdet\u00e9s.<br>A mi iskol\u00e1nk 3 tanul\u00f3ja a k\u00f6vetkez\u0151 helyez\u00e9seket \u00e9rte el:<\/p>\n\n\n\n<p>Sipos Bal\u00e1zs 4.a<\/p>\n\n\n\n<p>Galg\u00f3czi Szebaszti\u00e1n 4.a<\/p>\n\n\n\n<p>Kinczel Mariann 4.a<\/p>\n\n\n\n<p>Nagyon sz\u00e9p k\u00f6nyvjutalmakkal \u00e9s sok \u00e9lm\u00e9nnyel \u00e9rkezt\u00fcnk vissza az iskol\u00e1nkba.<br>K\u00f6sz\u00f6nj\u00fck a Kiskulcsosi Tagint\u00e9zm\u00e9nynek, hogy megszervezte ill. megrendezte ezt a<br>versenyt, hiszen a k\u00f6rnyezettudatos magatart\u00e1s fejleszt\u00e9se, meger\u0151s\u00edt\u00e9se mindannyiunk<br>\u00e9rdeke \u00e9s feladata is. Mi pedig a k\u00f6rnyezetismeret \u00f3r\u00e1k mellett kaptunk egy \u00fajabb<br>lehet\u0151s\u00e9get, hogy ezen a ter\u00fcleten is b\u0151v\u00edthett\u00fck ismereteinket, tud\u00e1sunkat.<br><\/p>\n\n\n\n<p>T\u00f6r\u0151csikn\u00e9 Magyar Erika<br>felk\u00e9sz\u00edt\u0151 pedag\u00f3gus<\/p>\n","protected":false},"excerpt":{"rendered":"<p>2022. \u00e1prilis 26-\u00e1n iskol\u00e1nk 3 tanul\u00f3ja vett r\u00e9szt a K\u00c1I AMI Kiskulcsosi \u00c1ltal\u00e1nos IskolaiTagint\u00e9zm\u00e9nye \u00e1ltal megrendezett k\u00f6rnyezetismeret versenyen.A 4. \u00e9vfolyam tanul\u00f3i k\u00f6z\u00fcl kellett kiv\u00e1lasztani, hogy kik is k\u00e9pviselj\u00e9k iskol\u00e1nkat. Mivel t\u00f6bbjelentkez\u0151 volt, egy iskolai helyi fordul\u00f3val d\u00f6nt\u00f6tt\u00fcnk.Nem kis izgalommal \u00e9s odaad\u00e1ssal l\u00e1ttak neki a legjobb eredm\u00e9nyt el\u00e9rt tanul\u00f3k afelk\u00e9sz\u00fcl\u00e9snek. K\u00f6sz\u00f6nj\u00fck &hellip;<\/p>\n","protected":false},"author":1,"featured_media":0,"comment_status":"closed","ping_status":"closed","sticky":false,"template":"","format":"standard","meta":{"footnotes":""},"categories":[11],"tags":[],"_links":{"self":[{"href":"https:\/\/altisk-karcag.hu\/index.php?rest_route=\/wp\/v2\/posts\/1300"}],"collection":[{"href":"https:\/\/altisk-karcag.hu\/index.php?rest_route=\/wp\/v2\/posts"}],"about":[{"href":"https:\/\/altisk-karcag.hu\/index.php?rest_route=\/wp\/v2\/types\/post"}],"author":[{"embeddable":true,"href":"https:\/\/altisk-karcag.hu\/index.php?rest_route=\/wp\/v2\/users\/1"}],"replies":[{"embeddable":true,"href":"https:\/\/altisk-karcag.hu\/index.php?rest_route=%2Fwp%2Fv2%2Fcomments&post=1300"}],"version-history":[{"count":1,"href":"https:\/\/altisk-karcag.hu\/index.php?rest_route=\/wp\/v2\/posts\/1300\/revisions"}],"predecessor-version":[{"id":1301,"href":"https:\/\/altisk-karcag.hu\/index.php?rest_route=\/wp\/v2\/posts\/1300\/revisions\/1301"}],"wp:attachment":[{"href":"https:\/\/altisk-karcag.hu\/index.php?rest_route=%2Fwp%2Fv2%2Fmedia&parent=1300"}],"wp:term":[{"taxonomy":"category","embeddable":true,"href":"https:\/\/altisk-karcag.hu\/index.php?rest_route=%2Fwp%2Fv2%2Fcategories&post=1300"},{"taxonomy":"post_tag","embeddable":true,"href":"https:\/\/altisk-karcag.hu\/index.php?rest_route=%2Fwp%2Fv2%2Ftags&post=1300"}],"curies":[{"name":"wp","href":"https:\/\/api.w.org\/{rel}","templated":true}]}}