{"id":1297,"date":"2022-05-02T06:33:19","date_gmt":"2022-05-02T06:33:19","guid":{"rendered":"https:\/\/altisk-karcag.hu\/?p=1297"},"modified":"2024-08-14T09:31:44","modified_gmt":"2024-08-14T09:31:44","slug":"varosi-nepdaleneklo-verseny","status":"publish","type":"post","link":"https:\/\/altisk-karcag.hu\/?p=1297","title":{"rendered":"V\u00e1rosi N\u00e9pdal\u00e9nekl\u0151 Verseny"},"content":{"rendered":"\n<p>Lezajlott tagint\u00e9zm\u00e9ny\u00fcnk online n\u00e9pdal\u00e9nekl\u0151 versenye. Sz\u00e9p sz\u00e1mmal jelentkeztek<br>tanul\u00f3ink, hogy megmutathass\u00e1k tud\u00e1sukat. Nagyon sz\u00ednvonalas el\u0151ad\u00e1sokat l\u00e1thattunk. A<br>verseny c\u00e9lja az \u00e9nekl\u00e9s megszerettet\u00e9se, a magyar n\u00e9pdalok sz\u00e9lesebb k\u00f6rben val\u00f3<br>megismertet\u00e9se, megtanul\u00e1sa. Szeretn\u00e9nk megk\u00f6sz\u00f6nni a pedag\u00f3gusok felk\u00e9sz\u00edt\u0151 munk\u00e1j\u00e1t, a<br>sz\u00fcl\u0151k seg\u00edts\u00e9g\u00e9t, \u00e9s a gyerekek felk\u00e9sz\u00fcl\u00e9s\u00e9t. Sz\u00edvb\u0151l gratul\u00e1lunk mindenkinek a sz\u00e9p<br>eredm\u00e9nyhez!<br>A szakmai zs\u0171ri tagjai voltak: Dr. Debreczenin\u00e9 G\u00e9czi Anik\u00f3, Pl\u00f3sz Csilla Margit, Csetreki<br>Imre<br>A 2022-es n\u00e9pdal\u00e9nekl\u0151 verseny eredm\u00e9nyei a k\u00f6vetkez\u0151k:<br>I. helyez\u00e9s: Orvos-Nagy Hanna, 3. oszt\u00e1lyos tanul\u00f3, Gy\u00f6rffy Istv\u00e1n Katolikus<br>\u00c1ltal\u00e1nos Iskola<\/p>\n\n\n\n<p>I. helyez\u00e9s: Sarkadi D\u00f3ra J\u00e1zmin, 3. oszt\u00e1lyos tanul\u00f3, Gy\u00f6rffy Istv\u00e1n Katolikus<br>\u00c1ltal\u00e1nos Iskola <\/p>\n\n\n\n<p>II. helyez\u00e9s: Horv\u00e1th Anna Rebeka, 2. oszt\u00e1lyos tanul\u00f3, K\u00c1IAMI Kiskulcsosi<br>Tagint\u00e9zm\u00e9ny<br>Hars\u00e1nyi Lilien, 3. oszt\u00e1lyos tanul\u00f3, K\u00c1IAMI Kiskulcsosi Tagint\u00e9zm\u00e9ny<br>L\u00f3r-Kerekes Viola Kincs\u0151, 3. oszt\u00e1lyos tanul\u00f3, K\u00c1IAMI Kiskulcsosi<br>Tagint\u00e9zm\u00e9ny<\/p>\n\n\n\n<p>III. helyez\u00e9s: Vir\u00e1g Ibolya Borosty\u00e1n, 2. oszt\u00e1lyos tanul\u00f3, Szent P\u00e1l Marista \u00c1ltal\u00e1nos<br>Iskola<br>D\u00e9k\u00e1ny Imre, 3. oszt\u00e1lyos tanul\u00f3, K\u00c1IAMI Kiskulcsosi Tagint\u00e9zm\u00e9ny<br>K\u00fcl\u00f6nd\u00edj: K\u00f3tai Ketrin Nikoletta, 2. oszt\u00e1lyos tanul\u00f3, Szent P\u00e1l Marista \u00c1ltal\u00e1nos Iskola<br>Balogh Tibor, 4. oszt\u00e1lyos tanul\u00f3, Gy\u00f6rffy Istv\u00e1n Katolikus \u00c1ltal\u00e1nos Iskola<br>Orvos-Nagy Imre M\u00e1rk\u00f3, 4. oszt\u00e1lyos tanul\u00f3 K\u00c1IAMI Kiskulcsosi Tagint\u00e9zm\u00e9ny<br>Felk\u00e9sz\u00edt\u0151 pedag\u00f3gusok: Patk\u00f3n\u00e9 Erdei Judit, Borsosn\u00e9 Herczegh Judit, Po\u00f3r L\u00e1szl\u00f3,<br>Csan\u00e1di Ir\u00e9n Vir\u00e1g, Balogh Edit Judit, Csornai-Nagy Erzs\u00e9bet, N\u00e9methn\u00e9 T\u0151k\u00e9s \u00c9va, Mil\u00e9n\u00e9<br>Gy\u00f6mb\u00e9r Ilona, Pallagi Bernadette<br>K\u00f6sz\u00f6nj\u00fck a r\u00e9szv\u00e9telt!<\/p>\n\n\n\n<p>Csornai Nagy Erzs\u00e9bet<\/p>\n\n\n\n<figure class=\"wp-block-image size-large\"><img decoding=\"async\" loading=\"lazy\" width=\"1024\" height=\"768\" src=\"https:\/\/altisk-karcag.hu\/wp-content\/uploads\/2022\/05\/Nepdaleneklo-kep-1024x768.jpg\" alt=\"\" class=\"wp-image-1298\" srcset=\"https:\/\/altisk-karcag.hu\/wp-content\/uploads\/2022\/05\/Nepdaleneklo-kep-1024x768.jpg 1024w, https:\/\/altisk-karcag.hu\/wp-content\/uploads\/2022\/05\/Nepdaleneklo-kep-300x225.jpg 300w, https:\/\/altisk-karcag.hu\/wp-content\/uploads\/2022\/05\/Nepdaleneklo-kep-768x576.jpg 768w, https:\/\/altisk-karcag.hu\/wp-content\/uploads\/2022\/05\/Nepdaleneklo-kep-150x112.jpg 150w, https:\/\/altisk-karcag.hu\/wp-content\/uploads\/2022\/05\/Nepdaleneklo-kep.jpg 1155w\" sizes=\"(max-width: 1024px) 100vw, 1024px\" \/><\/figure>\n","protected":false},"excerpt":{"rendered":"<p>Lezajlott tagint\u00e9zm\u00e9ny\u00fcnk online n\u00e9pdal\u00e9nekl\u0151 versenye. Sz\u00e9p sz\u00e1mmal jelentkeztektanul\u00f3ink, hogy megmutathass\u00e1k tud\u00e1sukat. Nagyon sz\u00ednvonalas el\u0151ad\u00e1sokat l\u00e1thattunk. Averseny c\u00e9lja az \u00e9nekl\u00e9s megszerettet\u00e9se, a magyar n\u00e9pdalok sz\u00e9lesebb k\u00f6rben val\u00f3megismertet\u00e9se, megtanul\u00e1sa. Szeretn\u00e9nk megk\u00f6sz\u00f6nni a pedag\u00f3gusok felk\u00e9sz\u00edt\u0151 munk\u00e1j\u00e1t, asz\u00fcl\u0151k seg\u00edts\u00e9g\u00e9t, \u00e9s a gyerekek felk\u00e9sz\u00fcl\u00e9s\u00e9t. Sz\u00edvb\u0151l gratul\u00e1lunk mindenkinek a sz\u00e9peredm\u00e9nyhez!A szakmai zs\u0171ri tagjai voltak: Dr. Debreczenin\u00e9 &hellip;<\/p>\n","protected":false},"author":1,"featured_media":1298,"comment_status":"closed","ping_status":"closed","sticky":false,"template":"","format":"standard","meta":{"footnotes":""},"categories":[10],"tags":[],"_links":{"self":[{"href":"https:\/\/altisk-karcag.hu\/index.php?rest_route=\/wp\/v2\/posts\/1297"}],"collection":[{"href":"https:\/\/altisk-karcag.hu\/index.php?rest_route=\/wp\/v2\/posts"}],"about":[{"href":"https:\/\/altisk-karcag.hu\/index.php?rest_route=\/wp\/v2\/types\/post"}],"author":[{"embeddable":true,"href":"https:\/\/altisk-karcag.hu\/index.php?rest_route=\/wp\/v2\/users\/1"}],"replies":[{"embeddable":true,"href":"https:\/\/altisk-karcag.hu\/index.php?rest_route=%2Fwp%2Fv2%2Fcomments&post=1297"}],"version-history":[{"count":1,"href":"https:\/\/altisk-karcag.hu\/index.php?rest_route=\/wp\/v2\/posts\/1297\/revisions"}],"predecessor-version":[{"id":1299,"href":"https:\/\/altisk-karcag.hu\/index.php?rest_route=\/wp\/v2\/posts\/1297\/revisions\/1299"}],"wp:featuredmedia":[{"embeddable":true,"href":"https:\/\/altisk-karcag.hu\/index.php?rest_route=\/wp\/v2\/media\/1298"}],"wp:attachment":[{"href":"https:\/\/altisk-karcag.hu\/index.php?rest_route=%2Fwp%2Fv2%2Fmedia&parent=1297"}],"wp:term":[{"taxonomy":"category","embeddable":true,"href":"https:\/\/altisk-karcag.hu\/index.php?rest_route=%2Fwp%2Fv2%2Fcategories&post=1297"},{"taxonomy":"post_tag","embeddable":true,"href":"https:\/\/altisk-karcag.hu\/index.php?rest_route=%2Fwp%2Fv2%2Ftags&post=1297"}],"curies":[{"name":"wp","href":"https:\/\/api.w.org\/{rel}","templated":true}]}}