{"id":1286,"date":"2022-04-25T07:22:15","date_gmt":"2022-04-25T07:22:15","guid":{"rendered":"https:\/\/altisk-karcag.hu\/?p=1286"},"modified":"2024-08-14T09:31:49","modified_gmt":"2024-08-14T09:31:49","slug":"a-fold-napja","status":"publish","type":"post","link":"https:\/\/altisk-karcag.hu\/?p=1286","title":{"rendered":"A F\u00f6ld napja"},"content":{"rendered":"\n<p>A F\u00f6ld Napja alkalm\u00e1b\u00f3l 2022.04.22-\u00e9n a K\u00c1IAMI Kov\u00e1ts Mih\u00e1ly \u00c1ltal\u00e1nos Iskola Tagint\u00e9zm\u00e9nye 2. b oszt\u00e1lya k\u00f6zrem\u0171k\u00f6d\u00e9s\u00e9vel elk\u00e9sz\u00edtett\u00fck ezt a remek m\u0171vet. A F\u00f6ld rajzol\u00e1s\u00e1ban Bacs\u00f3 Andrea tan\u00e1rn\u0151 seg\u00edtett, a sz\u00ednez\u00e9st nagy er\u0151fesz\u00edt\u00e9ssel az oszt\u00e1ly tanul\u00f3i v\u00e9gezt\u00e9k.<\/p>\n\n\n\n<figure class=\"wp-block-image size-large\"><img decoding=\"async\" loading=\"lazy\" width=\"1024\" height=\"576\" src=\"https:\/\/altisk-karcag.hu\/wp-content\/uploads\/2022\/04\/DJI_0118-1024x576.jpg\" alt=\"\" class=\"wp-image-1289\" srcset=\"https:\/\/altisk-karcag.hu\/wp-content\/uploads\/2022\/04\/DJI_0118-1024x576.jpg 1024w, https:\/\/altisk-karcag.hu\/wp-content\/uploads\/2022\/04\/DJI_0118-300x169.jpg 300w, https:\/\/altisk-karcag.hu\/wp-content\/uploads\/2022\/04\/DJI_0118-768x432.jpg 768w, https:\/\/altisk-karcag.hu\/wp-content\/uploads\/2022\/04\/DJI_0118-1536x864.jpg 1536w, https:\/\/altisk-karcag.hu\/wp-content\/uploads\/2022\/04\/DJI_0118-2048x1152.jpg 2048w, https:\/\/altisk-karcag.hu\/wp-content\/uploads\/2022\/04\/DJI_0118-150x84.jpg 150w, https:\/\/altisk-karcag.hu\/wp-content\/uploads\/2022\/04\/DJI_0118-1200x675.jpg 1200w\" sizes=\"(max-width: 1024px) 100vw, 1024px\" \/><\/figure>\n\n\n\n<figure class=\"wp-block-image size-large\"><img decoding=\"async\" loading=\"lazy\" width=\"1024\" height=\"576\" src=\"https:\/\/altisk-karcag.hu\/wp-content\/uploads\/2022\/04\/DJI_0117-1024x576.jpg\" alt=\"\" class=\"wp-image-1288\" srcset=\"https:\/\/altisk-karcag.hu\/wp-content\/uploads\/2022\/04\/DJI_0117-1024x576.jpg 1024w, https:\/\/altisk-karcag.hu\/wp-content\/uploads\/2022\/04\/DJI_0117-300x169.jpg 300w, https:\/\/altisk-karcag.hu\/wp-content\/uploads\/2022\/04\/DJI_0117-768x432.jpg 768w, https:\/\/altisk-karcag.hu\/wp-content\/uploads\/2022\/04\/DJI_0117-1536x864.jpg 1536w, https:\/\/altisk-karcag.hu\/wp-content\/uploads\/2022\/04\/DJI_0117-2048x1152.jpg 2048w, https:\/\/altisk-karcag.hu\/wp-content\/uploads\/2022\/04\/DJI_0117-150x84.jpg 150w, https:\/\/altisk-karcag.hu\/wp-content\/uploads\/2022\/04\/DJI_0117-1200x675.jpg 1200w\" sizes=\"(max-width: 1024px) 100vw, 1024px\" \/><\/figure>\n\n\n\n<figure class=\"wp-block-image size-large\"><img decoding=\"async\" loading=\"lazy\" width=\"1024\" height=\"576\" src=\"https:\/\/altisk-karcag.hu\/wp-content\/uploads\/2022\/04\/DJI_0114-1024x576.jpg\" alt=\"\" class=\"wp-image-1287\" srcset=\"https:\/\/altisk-karcag.hu\/wp-content\/uploads\/2022\/04\/DJI_0114-1024x576.jpg 1024w, https:\/\/altisk-karcag.hu\/wp-content\/uploads\/2022\/04\/DJI_0114-300x169.jpg 300w, https:\/\/altisk-karcag.hu\/wp-content\/uploads\/2022\/04\/DJI_0114-768x432.jpg 768w, https:\/\/altisk-karcag.hu\/wp-content\/uploads\/2022\/04\/DJI_0114-1536x864.jpg 1536w, https:\/\/altisk-karcag.hu\/wp-content\/uploads\/2022\/04\/DJI_0114-2048x1152.jpg 2048w, https:\/\/altisk-karcag.hu\/wp-content\/uploads\/2022\/04\/DJI_0114-150x84.jpg 150w, https:\/\/altisk-karcag.hu\/wp-content\/uploads\/2022\/04\/DJI_0114-1200x675.jpg 1200w\" sizes=\"(max-width: 1024px) 100vw, 1024px\" \/><\/figure>\n","protected":false},"excerpt":{"rendered":"<p>A F\u00f6ld Napja alkalm\u00e1b\u00f3l 2022.04.22-\u00e9n a K\u00c1IAMI Kov\u00e1ts Mih\u00e1ly \u00c1ltal\u00e1nos Iskola Tagint\u00e9zm\u00e9nye 2. b oszt\u00e1lya k\u00f6zrem\u0171k\u00f6d\u00e9s\u00e9vel elk\u00e9sz\u00edtett\u00fck ezt a remek m\u0171vet. A F\u00f6ld rajzol\u00e1s\u00e1ban Bacs\u00f3 Andrea tan\u00e1rn\u0151 seg\u00edtett, a sz\u00ednez\u00e9st nagy er\u0151fesz\u00edt\u00e9ssel az oszt\u00e1ly tanul\u00f3i v\u00e9gezt\u00e9k.<\/p>\n","protected":false},"author":1,"featured_media":1287,"comment_status":"closed","ping_status":"closed","sticky":false,"template":"","format":"standard","meta":{"footnotes":""},"categories":[11],"tags":[],"_links":{"self":[{"href":"https:\/\/altisk-karcag.hu\/index.php?rest_route=\/wp\/v2\/posts\/1286"}],"collection":[{"href":"https:\/\/altisk-karcag.hu\/index.php?rest_route=\/wp\/v2\/posts"}],"about":[{"href":"https:\/\/altisk-karcag.hu\/index.php?rest_route=\/wp\/v2\/types\/post"}],"author":[{"embeddable":true,"href":"https:\/\/altisk-karcag.hu\/index.php?rest_route=\/wp\/v2\/users\/1"}],"replies":[{"embeddable":true,"href":"https:\/\/altisk-karcag.hu\/index.php?rest_route=%2Fwp%2Fv2%2Fcomments&post=1286"}],"version-history":[{"count":6,"href":"https:\/\/altisk-karcag.hu\/index.php?rest_route=\/wp\/v2\/posts\/1286\/revisions"}],"predecessor-version":[{"id":1296,"href":"https:\/\/altisk-karcag.hu\/index.php?rest_route=\/wp\/v2\/posts\/1286\/revisions\/1296"}],"wp:featuredmedia":[{"embeddable":true,"href":"https:\/\/altisk-karcag.hu\/index.php?rest_route=\/wp\/v2\/media\/1287"}],"wp:attachment":[{"href":"https:\/\/altisk-karcag.hu\/index.php?rest_route=%2Fwp%2Fv2%2Fmedia&parent=1286"}],"wp:term":[{"taxonomy":"category","embeddable":true,"href":"https:\/\/altisk-karcag.hu\/index.php?rest_route=%2Fwp%2Fv2%2Fcategories&post=1286"},{"taxonomy":"post_tag","embeddable":true,"href":"https:\/\/altisk-karcag.hu\/index.php?rest_route=%2Fwp%2Fv2%2Ftags&post=1286"}],"curies":[{"name":"wp","href":"https:\/\/api.w.org\/{rel}","templated":true}]}}