{"id":1277,"date":"2022-03-28T11:30:33","date_gmt":"2022-03-28T11:30:33","guid":{"rendered":"https:\/\/altisk-karcag.hu\/?p=1277"},"modified":"2024-08-14T09:31:54","modified_gmt":"2024-08-14T09:31:54","slug":"iskolai-fizikaverseny-nyolcadikosoknak","status":"publish","type":"post","link":"https:\/\/altisk-karcag.hu\/?p=1277","title":{"rendered":"Iskolai fizikaverseny nyolcadikosoknak"},"content":{"rendered":"\n<p>A Nagykuns\u00e1g v\u00edzi vil\u00e1ga \u00e9s v\u00edzgazd\u00e1lkod\u00e1sa programunk keret\u00e9ben iskolai fizikaversenyt rendezt\u00fcnk,<br>melynek keret\u00e9ben a Kiskulcsosi \u00e9s a Kov\u00e1ts tagint\u00e9zm\u00e9ny nyolcadikosai tesztk\u00e9rd\u00e9seket oldottak<br>meg. A legjobban teljes\u00edt\u0151ket a Kov\u00e1ts-Tehets\u00e9gpont -az NTP-MTTD-20-0070 p\u00e1ly\u00e1zat j\u00f3volt\u00e1b\u00f3l &#8211;<br>d\u00edjazta.<br>Gratul\u00e1lok valamennyi indul\u00f3nak, k\u00fcl\u00f6n a helyezetteknek!<br>Kiskulcsosi tagint\u00e9zm\u00e9ny:<\/p>\n\n\n\n<ol><li>J\u00f3n\u00e1s Lili Hanna<\/li><li>Kov\u00e1cs M\u00e1t\u00e9<\/li><li>Feh\u00e9r Anna<br>Kov\u00e1ts tagint\u00e9zm\u00e9ny:<\/li><li>Cserb\u00e1n Dorina<\/li><li>Bal\u00e1ti Bogl\u00e1rka Evila<\/li><li>T\u00f3th Bernadett Vikt\u00f3ria<\/li><\/ol>\n\n\n\n<div class=\"wp-block-image\"><figure class=\"aligncenter size-large\"><img decoding=\"async\" loading=\"lazy\" width=\"1024\" height=\"683\" src=\"https:\/\/altisk-karcag.hu\/wp-content\/uploads\/2022\/03\/DSC_0046-1024x683.jpg\" alt=\"\" class=\"wp-image-1281\" srcset=\"https:\/\/altisk-karcag.hu\/wp-content\/uploads\/2022\/03\/DSC_0046-1024x683.jpg 1024w, https:\/\/altisk-karcag.hu\/wp-content\/uploads\/2022\/03\/DSC_0046-300x200.jpg 300w, https:\/\/altisk-karcag.hu\/wp-content\/uploads\/2022\/03\/DSC_0046-768x512.jpg 768w, https:\/\/altisk-karcag.hu\/wp-content\/uploads\/2022\/03\/DSC_0046-1536x1024.jpg 1536w, https:\/\/altisk-karcag.hu\/wp-content\/uploads\/2022\/03\/DSC_0046-2048x1365.jpg 2048w, https:\/\/altisk-karcag.hu\/wp-content\/uploads\/2022\/03\/DSC_0046-150x100.jpg 150w, https:\/\/altisk-karcag.hu\/wp-content\/uploads\/2022\/03\/DSC_0046-1200x800.jpg 1200w\" sizes=\"(max-width: 1024px) 100vw, 1024px\" \/><\/figure><\/div>\n\n\n\n<div class=\"wp-block-image\"><figure class=\"aligncenter size-large\"><img decoding=\"async\" loading=\"lazy\" width=\"1024\" height=\"683\" src=\"https:\/\/altisk-karcag.hu\/wp-content\/uploads\/2022\/03\/DSC_0048-1-1024x683.jpg\" alt=\"\" class=\"wp-image-1282\" srcset=\"https:\/\/altisk-karcag.hu\/wp-content\/uploads\/2022\/03\/DSC_0048-1-1024x683.jpg 1024w, https:\/\/altisk-karcag.hu\/wp-content\/uploads\/2022\/03\/DSC_0048-1-300x200.jpg 300w, https:\/\/altisk-karcag.hu\/wp-content\/uploads\/2022\/03\/DSC_0048-1-768x512.jpg 768w, https:\/\/altisk-karcag.hu\/wp-content\/uploads\/2022\/03\/DSC_0048-1-1536x1024.jpg 1536w, https:\/\/altisk-karcag.hu\/wp-content\/uploads\/2022\/03\/DSC_0048-1-2048x1365.jpg 2048w, https:\/\/altisk-karcag.hu\/wp-content\/uploads\/2022\/03\/DSC_0048-1-150x100.jpg 150w, https:\/\/altisk-karcag.hu\/wp-content\/uploads\/2022\/03\/DSC_0048-1-1200x800.jpg 1200w\" sizes=\"(max-width: 1024px) 100vw, 1024px\" \/><\/figure><\/div>\n\n\n\n<div class=\"wp-block-image\"><figure class=\"aligncenter size-large\"><img decoding=\"async\" loading=\"lazy\" width=\"1024\" height=\"683\" src=\"https:\/\/altisk-karcag.hu\/wp-content\/uploads\/2022\/03\/DSC_0054-1-1024x683.jpg\" alt=\"\" class=\"wp-image-1279\" srcset=\"https:\/\/altisk-karcag.hu\/wp-content\/uploads\/2022\/03\/DSC_0054-1-1024x683.jpg 1024w, https:\/\/altisk-karcag.hu\/wp-content\/uploads\/2022\/03\/DSC_0054-1-300x200.jpg 300w, https:\/\/altisk-karcag.hu\/wp-content\/uploads\/2022\/03\/DSC_0054-1-768x512.jpg 768w, https:\/\/altisk-karcag.hu\/wp-content\/uploads\/2022\/03\/DSC_0054-1-1536x1024.jpg 1536w, https:\/\/altisk-karcag.hu\/wp-content\/uploads\/2022\/03\/DSC_0054-1-2048x1365.jpg 2048w, https:\/\/altisk-karcag.hu\/wp-content\/uploads\/2022\/03\/DSC_0054-1-150x100.jpg 150w, https:\/\/altisk-karcag.hu\/wp-content\/uploads\/2022\/03\/DSC_0054-1-1200x800.jpg 1200w\" sizes=\"(max-width: 1024px) 100vw, 1024px\" \/><\/figure><\/div>\n","protected":false},"excerpt":{"rendered":"<p>A Nagykuns\u00e1g v\u00edzi vil\u00e1ga \u00e9s v\u00edzgazd\u00e1lkod\u00e1sa programunk keret\u00e9ben iskolai fizikaversenyt rendezt\u00fcnk,melynek keret\u00e9ben a Kiskulcsosi \u00e9s a Kov\u00e1ts tagint\u00e9zm\u00e9ny nyolcadikosai tesztk\u00e9rd\u00e9seket oldottakmeg. A legjobban teljes\u00edt\u0151ket a Kov\u00e1ts-Tehets\u00e9gpont -az NTP-MTTD-20-0070 p\u00e1ly\u00e1zat j\u00f3volt\u00e1b\u00f3l &#8211;d\u00edjazta.Gratul\u00e1lok valamennyi indul\u00f3nak, k\u00fcl\u00f6n a helyezetteknek!Kiskulcsosi tagint\u00e9zm\u00e9ny: J\u00f3n\u00e1s Lili Hanna Kov\u00e1cs M\u00e1t\u00e9 Feh\u00e9r AnnaKov\u00e1ts tagint\u00e9zm\u00e9ny: Cserb\u00e1n Dorina Bal\u00e1ti Bogl\u00e1rka Evila &hellip;<\/p>\n","protected":false},"author":1,"featured_media":1279,"comment_status":"closed","ping_status":"closed","sticky":false,"template":"","format":"standard","meta":{"footnotes":""},"categories":[10,11],"tags":[],"_links":{"self":[{"href":"https:\/\/altisk-karcag.hu\/index.php?rest_route=\/wp\/v2\/posts\/1277"}],"collection":[{"href":"https:\/\/altisk-karcag.hu\/index.php?rest_route=\/wp\/v2\/posts"}],"about":[{"href":"https:\/\/altisk-karcag.hu\/index.php?rest_route=\/wp\/v2\/types\/post"}],"author":[{"embeddable":true,"href":"https:\/\/altisk-karcag.hu\/index.php?rest_route=\/wp\/v2\/users\/1"}],"replies":[{"embeddable":true,"href":"https:\/\/altisk-karcag.hu\/index.php?rest_route=%2Fwp%2Fv2%2Fcomments&post=1277"}],"version-history":[{"count":1,"href":"https:\/\/altisk-karcag.hu\/index.php?rest_route=\/wp\/v2\/posts\/1277\/revisions"}],"predecessor-version":[{"id":1284,"href":"https:\/\/altisk-karcag.hu\/index.php?rest_route=\/wp\/v2\/posts\/1277\/revisions\/1284"}],"wp:featuredmedia":[{"embeddable":true,"href":"https:\/\/altisk-karcag.hu\/index.php?rest_route=\/wp\/v2\/media\/1279"}],"wp:attachment":[{"href":"https:\/\/altisk-karcag.hu\/index.php?rest_route=%2Fwp%2Fv2%2Fmedia&parent=1277"}],"wp:term":[{"taxonomy":"category","embeddable":true,"href":"https:\/\/altisk-karcag.hu\/index.php?rest_route=%2Fwp%2Fv2%2Fcategories&post=1277"},{"taxonomy":"post_tag","embeddable":true,"href":"https:\/\/altisk-karcag.hu\/index.php?rest_route=%2Fwp%2Fv2%2Ftags&post=1277"}],"curies":[{"name":"wp","href":"https:\/\/api.w.org\/{rel}","templated":true}]}}