{"id":1237,"date":"2022-03-04T09:20:07","date_gmt":"2022-03-04T09:20:07","guid":{"rendered":"https:\/\/altisk-karcag.hu\/?p=1237"},"modified":"2024-08-14T09:32:26","modified_gmt":"2024-08-14T09:32:26","slug":"iskolanyitogato-sport-mozgas-foglalkozas","status":"publish","type":"post","link":"https:\/\/altisk-karcag.hu\/?p=1237","title":{"rendered":"Iskolanyitogat\u00f3 sport-mozg\u00e1s foglalkoz\u00e1s"},"content":{"rendered":"\n<p>Tisztelt Sz\u00fcl\u0151k!<\/p>\n\n\n\n<p>A Karcagi \u00c1ltal\u00e1nos Iskola \u00e9s Alapfok\u00fa M\u0171v\u00e9szeti Iskola Kiskulcsosi<br>\u00c1ltal\u00e1nos Iskolai Tagint\u00e9zm\u00e9nye szeretettel h\u00edvja \u00e9s v\u00e1rja a leend\u0151 els\u0151<br>oszt\u00e1lyos gyerekeket sport- mozg\u00e1s foglalkoz\u00e1sra az iskola tornaterm\u00e9be 2022.<br>m\u00e1rcius 7-\u00e9n (h\u00e9tf\u0151) 16 15 \u00f3rakor. (Megjelen\u00e9s: sportfelszerel\u00e9s, tornacip\u0151)<br>\u00c9rdekl\u0151dni: 59\/503-126-os telefonsz\u00e1mon<\/p>\n","protected":false},"excerpt":{"rendered":"<p>Tisztelt Sz\u00fcl\u0151k! A Karcagi \u00c1ltal\u00e1nos Iskola \u00e9s Alapfok\u00fa M\u0171v\u00e9szeti Iskola Kiskulcsosi\u00c1ltal\u00e1nos Iskolai Tagint\u00e9zm\u00e9nye szeretettel h\u00edvja \u00e9s v\u00e1rja a leend\u0151 els\u0151oszt\u00e1lyos gyerekeket sport- mozg\u00e1s foglalkoz\u00e1sra az iskola tornaterm\u00e9be 2022.m\u00e1rcius 7-\u00e9n (h\u00e9tf\u0151) 16 15 \u00f3rakor. (Megjelen\u00e9s: sportfelszerel\u00e9s, tornacip\u0151)\u00c9rdekl\u0151dni: 59\/503-126-os telefonsz\u00e1mon<\/p>\n","protected":false},"author":1,"featured_media":480,"comment_status":"closed","ping_status":"closed","sticky":false,"template":"","format":"standard","meta":{"footnotes":""},"categories":[10],"tags":[],"_links":{"self":[{"href":"https:\/\/altisk-karcag.hu\/index.php?rest_route=\/wp\/v2\/posts\/1237"}],"collection":[{"href":"https:\/\/altisk-karcag.hu\/index.php?rest_route=\/wp\/v2\/posts"}],"about":[{"href":"https:\/\/altisk-karcag.hu\/index.php?rest_route=\/wp\/v2\/types\/post"}],"author":[{"embeddable":true,"href":"https:\/\/altisk-karcag.hu\/index.php?rest_route=\/wp\/v2\/users\/1"}],"replies":[{"embeddable":true,"href":"https:\/\/altisk-karcag.hu\/index.php?rest_route=%2Fwp%2Fv2%2Fcomments&post=1237"}],"version-history":[{"count":1,"href":"https:\/\/altisk-karcag.hu\/index.php?rest_route=\/wp\/v2\/posts\/1237\/revisions"}],"predecessor-version":[{"id":1238,"href":"https:\/\/altisk-karcag.hu\/index.php?rest_route=\/wp\/v2\/posts\/1237\/revisions\/1238"}],"wp:featuredmedia":[{"embeddable":true,"href":"https:\/\/altisk-karcag.hu\/index.php?rest_route=\/wp\/v2\/media\/480"}],"wp:attachment":[{"href":"https:\/\/altisk-karcag.hu\/index.php?rest_route=%2Fwp%2Fv2%2Fmedia&parent=1237"}],"wp:term":[{"taxonomy":"category","embeddable":true,"href":"https:\/\/altisk-karcag.hu\/index.php?rest_route=%2Fwp%2Fv2%2Fcategories&post=1237"},{"taxonomy":"post_tag","embeddable":true,"href":"https:\/\/altisk-karcag.hu\/index.php?rest_route=%2Fwp%2Fv2%2Ftags&post=1237"}],"curies":[{"name":"wp","href":"https:\/\/api.w.org\/{rel}","templated":true}]}}