{"id":1194,"date":"2022-02-08T08:41:24","date_gmt":"2022-02-08T08:41:24","guid":{"rendered":"https:\/\/altisk-karcag.hu\/?p=1194"},"modified":"2024-08-14T09:32:42","modified_gmt":"2024-08-14T09:32:42","slug":"siker-orszagos-zenei-versenyen","status":"publish","type":"post","link":"https:\/\/altisk-karcag.hu\/?p=1194","title":{"rendered":"Siker orsz\u00e1gos zenei versenyen"},"content":{"rendered":"\n<p>A VIII. Orsz\u00e1gos Bihari J\u00e1nos Von\u00f3s Fesztiv\u00e1l a megszokottakt\u00f3l elt\u00e9r\u0151en az idei tan\u00e9vben<br>online form\u00e1ban val\u00f3sult meg. A versenyanyagot fel kellett venni \u00e9s a vide\u00f3t bek\u00fcldeni a<br>szervez\u0151knek. A Karcagi \u00c1ltal\u00e1nos Iskola \u00e9s Alapfok\u00fa M\u0171v\u00e9szeti Iskola Erkel Ferenc<br>Tagint\u00e9zm\u00e9ny\u00e9t Makai Bogl\u00e1rka gordonka szakos n\u00f6vend\u00e9k k\u00e9pviselte, akit a zs\u0171ri ez\u00fcst<br>min\u0151s\u00edt\u00e9ssel jutalmazott. Bogi felk\u00e9sz\u00edt\u0151 tan\u00e1ra Urb\u00e1nn\u00e9 T\u00f3th Kl\u00e1ra, zongor\u00e1n k\u00eds\u00e9rt Rab Zita<br>M\u00f3nika tan\u00e1rn\u0151.<br>Gratul\u00e1lunk, tov\u00e1bbi sz\u00e9p sikereket k\u00edv\u00e1nunk!<\/p>\n\n\n\n<div class=\"wp-block-image\"><figure class=\"aligncenter size-large\"><img decoding=\"async\" loading=\"lazy\" width=\"404\" height=\"785\" src=\"https:\/\/altisk-karcag.hu\/wp-content\/uploads\/2022\/02\/zene.jpg\" alt=\"\" class=\"wp-image-1195\" srcset=\"https:\/\/altisk-karcag.hu\/wp-content\/uploads\/2022\/02\/zene.jpg 404w, https:\/\/altisk-karcag.hu\/wp-content\/uploads\/2022\/02\/zene-154x300.jpg 154w, https:\/\/altisk-karcag.hu\/wp-content\/uploads\/2022\/02\/zene-77x150.jpg 77w, https:\/\/altisk-karcag.hu\/wp-content\/uploads\/2022\/02\/zene-300x583.jpg 300w\" sizes=\"(max-width: 404px) 100vw, 404px\" \/><\/figure><\/div>\n","protected":false},"excerpt":{"rendered":"<p>A VIII. Orsz\u00e1gos Bihari J\u00e1nos Von\u00f3s Fesztiv\u00e1l a megszokottakt\u00f3l elt\u00e9r\u0151en az idei tan\u00e9vbenonline form\u00e1ban val\u00f3sult meg. A versenyanyagot fel kellett venni \u00e9s a vide\u00f3t bek\u00fcldeni aszervez\u0151knek. A Karcagi \u00c1ltal\u00e1nos Iskola \u00e9s Alapfok\u00fa M\u0171v\u00e9szeti Iskola Erkel FerencTagint\u00e9zm\u00e9ny\u00e9t Makai Bogl\u00e1rka gordonka szakos n\u00f6vend\u00e9k k\u00e9pviselte, akit a zs\u0171ri ez\u00fcstmin\u0151s\u00edt\u00e9ssel jutalmazott. Bogi felk\u00e9sz\u00edt\u0151 tan\u00e1ra &hellip;<\/p>\n","protected":false},"author":1,"featured_media":1195,"comment_status":"closed","ping_status":"closed","sticky":false,"template":"","format":"standard","meta":{"footnotes":""},"categories":[13],"tags":[],"_links":{"self":[{"href":"https:\/\/altisk-karcag.hu\/index.php?rest_route=\/wp\/v2\/posts\/1194"}],"collection":[{"href":"https:\/\/altisk-karcag.hu\/index.php?rest_route=\/wp\/v2\/posts"}],"about":[{"href":"https:\/\/altisk-karcag.hu\/index.php?rest_route=\/wp\/v2\/types\/post"}],"author":[{"embeddable":true,"href":"https:\/\/altisk-karcag.hu\/index.php?rest_route=\/wp\/v2\/users\/1"}],"replies":[{"embeddable":true,"href":"https:\/\/altisk-karcag.hu\/index.php?rest_route=%2Fwp%2Fv2%2Fcomments&post=1194"}],"version-history":[{"count":1,"href":"https:\/\/altisk-karcag.hu\/index.php?rest_route=\/wp\/v2\/posts\/1194\/revisions"}],"predecessor-version":[{"id":1196,"href":"https:\/\/altisk-karcag.hu\/index.php?rest_route=\/wp\/v2\/posts\/1194\/revisions\/1196"}],"wp:featuredmedia":[{"embeddable":true,"href":"https:\/\/altisk-karcag.hu\/index.php?rest_route=\/wp\/v2\/media\/1195"}],"wp:attachment":[{"href":"https:\/\/altisk-karcag.hu\/index.php?rest_route=%2Fwp%2Fv2%2Fmedia&parent=1194"}],"wp:term":[{"taxonomy":"category","embeddable":true,"href":"https:\/\/altisk-karcag.hu\/index.php?rest_route=%2Fwp%2Fv2%2Fcategories&post=1194"},{"taxonomy":"post_tag","embeddable":true,"href":"https:\/\/altisk-karcag.hu\/index.php?rest_route=%2Fwp%2Fv2%2Ftags&post=1194"}],"curies":[{"name":"wp","href":"https:\/\/api.w.org\/{rel}","templated":true}]}}