{"id":1171,"date":"2021-11-05T13:46:15","date_gmt":"2021-11-05T13:46:15","guid":{"rendered":"https:\/\/altisk-karcag.hu\/?p=1171"},"modified":"2024-08-14T09:32:57","modified_gmt":"2024-08-14T09:32:57","slug":"%f0%9f%96%a4in-memoriam-veres-henrietta-katalin-%f0%9f%96%a41981-februar-24-2021-november-04","status":"publish","type":"post","link":"https:\/\/altisk-karcag.hu\/?p=1171","title":{"rendered":"\ud83d\udda4In Memoriam Veres Henrietta Katalin"},"content":{"rendered":"\n<div class=\"wp-block-columns is-layout-flex wp-container-3 wp-block-columns-is-layout-flex\">\n<div class=\"wp-block-column is-layout-flow wp-block-column-is-layout-flow\">\n<div class=\"wp-block-image\"><figure class=\"aligncenter size-large is-resized\"><img decoding=\"async\" loading=\"lazy\" src=\"https:\/\/altisk-karcag.hu\/wp-content\/uploads\/2021\/11\/Jettike-kep-782x1024.jpg\" alt=\"\" class=\"wp-image-1172\" width=\"404\" height=\"529\" srcset=\"https:\/\/altisk-karcag.hu\/wp-content\/uploads\/2021\/11\/Jettike-kep-782x1024.jpg 782w, https:\/\/altisk-karcag.hu\/wp-content\/uploads\/2021\/11\/Jettike-kep-229x300.jpg 229w, https:\/\/altisk-karcag.hu\/wp-content\/uploads\/2021\/11\/Jettike-kep-768x1005.jpg 768w, https:\/\/altisk-karcag.hu\/wp-content\/uploads\/2021\/11\/Jettike-kep-115x150.jpg 115w, https:\/\/altisk-karcag.hu\/wp-content\/uploads\/2021\/11\/Jettike-kep-300x393.jpg 300w, https:\/\/altisk-karcag.hu\/wp-content\/uploads\/2021\/11\/Jettike-kep.jpg 803w\" sizes=\"(max-width: 404px) 100vw, 404px\" \/><\/figure><\/div>\n\n\n\n<blockquote class=\"wp-block-quote has-text-align-center\"><p>N\u00e9m\u00e1n \u00e1llunk, hallgatunk.<br>Mit mondhatn\u00e1nk? Nincs szavunk.<br>Nem hissz\u00fck el, hogy nincs tov\u00e1bb.<br>F\u00e1j\u00f3 sz\u00edvvel gondolunk r\u00e1d.<\/p><\/blockquote>\n<\/div>\n\n\n\n<div class=\"wp-block-column is-layout-flow wp-block-column-is-layout-flow\">\n<p style=\"text-align:justify;\">M\u00e9ly megrend\u00fcl\u00e9ssel tudatjuk azokkal, akik tisztelt\u00e9k \u00e9s szerett\u00e9k, hogy kedves kolleg\u00e1nk, Veres Henrietta Katalin, vagy, ahogy mindenki sz\u00f3l\u00edtotta, JETTIKE, 2021. november 04-\u00e9n \u00f6r\u00f6kre megpihent.<\/p>\n\n\n\n<p style=\"text-align:justify;\">Karcagon sz\u00fcletett, n\u0151tt fel \u00e9s \u00e9lte mindennapjait. Tanulm\u00e1nyait a Kov\u00e1ts Mih\u00e1ly \u00c1ltal\u00e1nos Iskol\u00e1ban kezdte. M\u00e1r ekkor eld\u00f6nt\u00f6tte, hogy a pedag\u00f3gus p\u00e1ly\u00e1t v\u00e1lasztja hivat\u00e1sul, hiszen nagyon meghat\u00e1roz\u00f3 volt sz\u00e1m\u00e1ra az els\u0151 oszt\u00e1lyos tan\u00edt\u00f3 n\u00e9nik szem\u00e9lyis\u00e9ge \u00e9s var\u00e1zsa. Ezt k\u00f6vet\u0151en a karcagi G\u00e1bor \u00c1ron Gimn\u00e1ziumban tanult tov\u00e1bb.<\/p>\n\n\n\n<p style=\"text-align:justify;\">A Kecskem\u00e9ti Tan\u00edt\u00f3k\u00e9pz\u0151 F\u0151iskola tan\u00edt\u00f3i szak\u00e1ra jelentkezett, hogy gyermekkori \u00e1lm\u00e1t megval\u00f3s\u00edtsa. Az \u00e1ltal\u00e1nos tan\u00edt\u00f3i diploma mellett vizu\u00e1lis kult\u00fara m\u0171velts\u00e9gter\u00fcleti v\u00e9gzetts\u00e9get szerzett. A f\u0151iskola ideje alatt gyakorlati helyk\u00e9nt a Kiskulcsosi \u00c1ltal\u00e1nos Iskol\u00e1nkat v\u00e1lasztotta, ahol nagyon megtetszett neki a csal\u00e1dias l\u00e9gk\u00f6r, \u00edgy nem volt k\u00e9rd\u00e9s, hogy ide adja be \u00f6n\u00e9letrajz\u00e1t.<\/p>\n\n\n\n<p style=\"text-align:justify;\">Pedag\u00f3giai asszisztensk\u00e9nt, napk\u00f6zis nevel\u0151k\u00e9nt kezdte p\u00e1lyafut\u00e1s\u00e1t, majd munkak\u00f6re b\u0151v\u00fclt, napk\u00f6zis vezet\u0151 lett, \u00e9s 5-6. \u00e9vfolyamon tan\u00edtott vizu\u00e1lis kult\u00far\u00e1t. A mai napig a legkisebbek oszt\u00e1lyf\u0151n\u00f6kek\u00e9nt vette sikeresen a nevel\u0151-oktat\u00f3munka akad\u00e1lyait.<\/p>\n\n\n\n<p style=\"text-align:justify;\">A sz\u00fcl\u0151k, gyermekek, munkat\u00e1rsak t\u00e1mogat\u00e1sa er\u0151s\u00edtette \u00e9s vitte el\u0151re munk\u00e1j\u00e1ban.&nbsp; K\u00f6z\u00f6ss\u00e9g\u00e9p\u00edt\u0151 \u00e9s k\u00f6z\u00f6ss\u00e9gform\u00e1l\u00f3 programokat szervezett, majd a di\u00e1k\u00f6nkorm\u00e1nyzat vezet\u0151jek\u00e9nt tartalmas szabadid\u0151s tev\u00e9kenys\u00e9gekbe vonta be az iskola szerepl\u0151in k\u00edv\u00fcl a v\u00e1rosi szervezeteket, \u00f3vod\u00e1kat. &nbsp;Fontosnak tartotta a j\u00f3 egy\u00fcttm\u0171k\u00f6d\u00e9st, a k\u00f6z\u00f6ss\u00e9g\u00e9p\u00edt\u00e9st, az \u00f6sszefog\u00e1st, egym\u00e1s seg\u00edt\u00e9s\u00e9t, az iskolai hagyom\u00e1nyok er\u0151s\u00edt\u00e9s\u00e9t, a kult\u00fara ir\u00e1nti \u00e9rdekl\u0151d\u00e9st.<\/p>\n<\/div>\n<\/div>\n\n\n\n<p style=\"text-align:justify;\">\u00c9veken kereszt\u00fcl k\u00eds\u00e9rte t\u00e1borokba \u00e9s erdei iskol\u00e1kba tan\u00edtv\u00e1nyait. A tanul\u00f3kat m\u00e1s oldalukr\u00f3l is megismerve, b\u00e1trabban fordultak hozz\u00e1 tan\u00e1cs\u00e9rt, seg\u00edts\u00e9g\u00e9rt az iskolai id\u0151szak alatt is. \nTagint\u00e9zm\u00e9ny\u00fcnkben \u0151 szervezett el\u0151sz\u00f6r v\u00e1rosi meseillusztr\u00e1ci\u00f3s rajzversenyt, melyre nagyon b\u00fcszke volt. Ezzel siker\u00fclt m\u00e9g jobb kapcsolatot \u00e1polni a v\u00e1ros m\u00e1s int\u00e9zm\u00e9nyeivel.\nBemutat\u00f3 \u00f3r\u00e1kat tartott az els\u0151s tanul\u00f3kkal a v\u00e1ros \u00f3vod\u00e1ib\u00f3l \u00e9rkez\u0151 \u00f3v\u00f3n\u0151knek, akik \u00e9rdekl\u0151dve figyelt\u00e9k kis \u00f3vod\u00e1saikat, hogy mennyit fejl\u0151dtek az iskol\u00e1s h\u00f3napok alatt.\n<\/p>\n\n\n\n<p style=\"text-align:justify;\">Iskolanyitogat\u00f3 programok szervez\u00e9s\u00e9ben, megval\u00f3s\u00edt\u00e1s\u00e1ban \u00e9s lebonyol\u00edt\u00e1s\u00e1ban is r\u00e9szt vett, ahol foglalkoz\u00e1sokat \u00e9s bemutat\u00f3 \u00f3r\u00e1kat tartott nagycsoportos \u00f3vod\u00e1sok r\u00e9sz\u00e9re. Ez\u00e1ltal ismerkedhettek meg a sz\u00fcl\u0151k, a gyermekek az iskol\u00e1val, a leend\u0151 els\u0151s tan\u00edt\u00f3 n\u00e9nikkel.<\/p>\n\n\n\n<p style=\"text-align:justify;\">Tagint\u00e9zm\u00e9ny\u00fcnk k\u00e9pviselet\u00e9ben bekapcsol\u00f3dhatott egy nemzetk\u00f6zi b\u00e1bk\u00e9sz\u00edt\u0151 verseny szervez\u00e9s\u00e9be, melynek c\u00e9lja az eur\u00f3pai integr\u00e1ci\u00f3 er\u0151s\u00edt\u00e9se, a testv\u00e9rv\u00e1rosaink gyermekeinek bevon\u00e1sa, a b\u00e1bok k\u00e9sz\u00edt\u00e9se k\u00f6zbeni k\u00e9szs\u00e9gek, k\u00e9pess\u00e9gek fejleszt\u00e9se volt.<\/p>\n\n\n\n<p style=\"text-align:justify;\">Kreativit\u00e1sa megmutatkozott a b\u00e1li dekor\u00e1ci\u00f3k kital\u00e1l\u00e1sa, elk\u00e9sz\u00edt\u00e9se alkalm\u00e1val. Nagyon szerette a sz\u00fcl\u0151kkel, koll\u00e9g\u00e1kkal, gyermekekkel egy\u00fctt j\u00f3 hangulatban elt\u00f6lt\u00f6tt munkad\u00e9lut\u00e1nokat.<\/p>\n\n\n\n<p style=\"text-align:justify;\">Az iskolai rendezv\u00e9nyekr\u0151l, oszt\u00e1ly programokr\u00f3l, verseny eredm\u00e9nyekr\u0151l rendszeresen \u00edrt cikkeket az iskola honlapj\u00e1ra \u00e9s a v\u00e1ros helyi lapj\u00e1ba.<\/p>\n\n\n\n<p style=\"text-align:justify;\">Nagy hangs\u00falyt fektetett munk\u00e1ja sor\u00e1n a felz\u00e1rk\u00f3ztat\u00e1sra, hogy el\u0151seg\u00edtse di\u00e1kjai tov\u00e1bbhalad\u00e1s\u00e1t. K\u00fcl\u00f6n\u00f6s figyelmet ford\u00edtott a tehets\u00e9ggondoz\u00e1sra. Tan\u00edtv\u00e1nyaival sz\u00e1mos iskolai, v\u00e1rosi, megyei, mesemond\u00f3-, helyes\u00edr\u00f3-, sz\u00e9p olvas\u00f3- \u00e9s rajzversenyen \u00e9rtek el sz\u00e9p eredm\u00e9nyeket.<\/p>\n\n\n\n<p style=\"text-align:justify;\">Munk\u00e1j\u00e1ban mindig t\u00f6rekedett a meg\u00fajul\u00e1sra, \u00edgy folyamatosan k\u00e9pezte mag\u00e1t.<\/p>\n\n\n\n<p style=\"text-align:justify;\">Szerette pedag\u00f3gusi munk\u00e1j\u00e1t \u00e9s a gyerekeket. \u00dagy gondolta, hogy j\u00f3l d\u00f6nt\u00f6tt, amikor erre a p\u00e1ly\u00e1ra l\u00e9pett. Nem b\u00e1nta meg. Igyekezett tan\u00edtv\u00e1nyai kedv\u00e9ben j\u00e1rni, j\u00f3 oszt\u00e1lyk\u00f6z\u00f6ss\u00e9get kialak\u00edtani \u00e9s odafigyelni minden gyermekre. Kiv\u00e1l\u00f3 kapcsolatot \u00e1polt a sz\u00fcl\u0151kkel. &nbsp;Boldogs\u00e1ggal t\u00f6lt\u00f6tte el, hogy egykori tan\u00edtv\u00e1nyai gyermekeit is tan\u00edthatta, \u0151 ind\u00edthatta el \u0151ket a tanul\u00e1s \u00fatj\u00e1n. Visszaigazol\u00e1s volt sz\u00e1m\u00e1ra, hogy b\u00edztak benne \u00e9s sz\u00edvesen hozt\u00e1k ebbe az int\u00e9zm\u00e9nybe a kis di\u00e1kokat.<\/p>\n\n\n\n<p style=\"text-align:justify;\">\u00dagy gondolta, hogy megfelel\u0151 tisztelettel, t\u00fcrelemmel, kitart\u00e1ssal, meg\u00e9rt\u00e9ssel, bele\u00e9rz\u0151 k\u00e9pess\u00e9ggel, elfogad\u00e1ssal \u00e9s al\u00e1zattal kell rendelkezni a p\u00e1ly\u00e1n marad\u00e1shoz \u00e9s folyamatosan k\u00e9pezni \u00f6nmag\u00e1t szakmai, \u00e9rzelmi \u00e9s lelki fejl\u0151d\u00e9s ter\u00fclet\u00e9n.<\/p>\n\n\n\n<p style=\"text-align:justify;\">H\u00e1l\u00e1val \u00e9s kegyelettel b\u00facs\u00fazik t\u0151le int\u00e9zm\u00e9ny\u00fcnk valamennyi dolgoz\u00f3ja \u00e9s di\u00e1kja.<\/p>\n\n\n\n<blockquote class=\"wp-block-quote is-style-large\"><p>Hirtelen hal\u00e1lod nagy f\u00e1jdalmat okozott,<br>De j\u00f3s\u00e1god \u00e9s szereteted sz\u00edv\u00fcnkben \u00f6r\u00f6kk\u00e9 \u00e9lni fog.<\/p><\/blockquote>\n\n\n\n<p><\/p>\n","protected":false},"excerpt":{"rendered":"<p>M\u00e9ly megrend\u00fcl\u00e9ssel tudatjuk azokkal, akik tisztelt\u00e9k \u00e9s szerett\u00e9k, hogy kedves kolleg\u00e1nk, Veres Henrietta Katalin, vagy, ahogy mindenki sz\u00f3l\u00edtotta, JETTIKE, 2021. november 04-\u00e9n \u00f6r\u00f6kre megpihent.<\/p>\n","protected":false},"author":1,"featured_media":1172,"comment_status":"closed","ping_status":"closed","sticky":false,"template":"","format":"standard","meta":{"footnotes":""},"categories":[10],"tags":[],"_links":{"self":[{"href":"https:\/\/altisk-karcag.hu\/index.php?rest_route=\/wp\/v2\/posts\/1171"}],"collection":[{"href":"https:\/\/altisk-karcag.hu\/index.php?rest_route=\/wp\/v2\/posts"}],"about":[{"href":"https:\/\/altisk-karcag.hu\/index.php?rest_route=\/wp\/v2\/types\/post"}],"author":[{"embeddable":true,"href":"https:\/\/altisk-karcag.hu\/index.php?rest_route=\/wp\/v2\/users\/1"}],"replies":[{"embeddable":true,"href":"https:\/\/altisk-karcag.hu\/index.php?rest_route=%2Fwp%2Fv2%2Fcomments&post=1171"}],"version-history":[{"count":18,"href":"https:\/\/altisk-karcag.hu\/index.php?rest_route=\/wp\/v2\/posts\/1171\/revisions"}],"predecessor-version":[{"id":1192,"href":"https:\/\/altisk-karcag.hu\/index.php?rest_route=\/wp\/v2\/posts\/1171\/revisions\/1192"}],"wp:featuredmedia":[{"embeddable":true,"href":"https:\/\/altisk-karcag.hu\/index.php?rest_route=\/wp\/v2\/media\/1172"}],"wp:attachment":[{"href":"https:\/\/altisk-karcag.hu\/index.php?rest_route=%2Fwp%2Fv2%2Fmedia&parent=1171"}],"wp:term":[{"taxonomy":"category","embeddable":true,"href":"https:\/\/altisk-karcag.hu\/index.php?rest_route=%2Fwp%2Fv2%2Fcategories&post=1171"},{"taxonomy":"post_tag","embeddable":true,"href":"https:\/\/altisk-karcag.hu\/index.php?rest_route=%2Fwp%2Fv2%2Ftags&post=1171"}],"curies":[{"name":"wp","href":"https:\/\/api.w.org\/{rel}","templated":true}]}}