{"id":1158,"date":"2021-09-16T13:22:47","date_gmt":"2021-09-16T13:22:47","guid":{"rendered":"https:\/\/altisk-karcag.hu\/?p=1158"},"modified":"2024-08-14T09:33:02","modified_gmt":"2024-08-14T09:33:02","slug":"kiskulcsosiak-zalaszabarban","status":"publish","type":"post","link":"https:\/\/altisk-karcag.hu\/?p=1158","title":{"rendered":"Kiskulcsosiak Zalaszabarban"},"content":{"rendered":"\n<p>Zalaszabar kisk\u00f6zs\u00e9g a Balatont\u00f3l \u00e9s Keszthelyt\u0151l nem messze. Egy paradicsomi hely,<br>ahol t\u00f6bb mint t\u00edz \u00e9ve m\u0171k\u00f6dik t\u00e1bor, a Zobori \u00c9lm\u00e9nyparkban. J\u00falius elej\u00e9n L\u00e9vain\u00e9<br>Kov\u00e1cs R\u00f3za int\u00e9zm\u00e9nyvezet\u0151-helyettes\u00fcnk \u00e9s Kir\u00e1lyn\u00e9 Zsuzsa n\u00e9ni, oszt\u00e1lyf\u0151n\u00f6k\u00fcnk<br>ir\u00e1ny\u00edt\u00e1s\u00e1val jutottunk el oszt\u00e1lyunkkal, a Gy\u00f3gy\u00edt\u00f3 Szent Erzs\u00e9bet &#8211; t\u00e1bor keretein bel\u00fcl, a<br>Holnapocska t\u00e1borba.<br>6 csod\u00e1latos napot t\u00f6lthett\u00fcnk itt el. D\u00e9lut\u00e1nonk\u00e9nt hull\u00e1mvasutaztunk, felejthetetlen<br>cs\u00faszd\u00e1z\u00e1st, gokartoz\u00e1st, cs\u00f3nak- \u00e9s h\u00f3f\u00e1nkoz\u00e1st, szabades\u00e9st \u00e9lhett\u00fcnk \u00e1t. A k\u00f6t\u00e9lp\u00e1ly\u00e1n<br>kipr\u00f3b\u00e1lhattuk b\u00e1tors\u00e1gunkat, \u00fcgyess\u00e9g\u00fcnket.<br>Szimul\u00e1tor j\u00e1t\u00e9kokkal vad\u00e1szrep\u00fcl\u0151ben, aut\u00f3versenyen \u00e9rezhett\u00fck magunkat.<br>Fergeteges hangulatot, torokszor\u00edt\u00f3 helyzeteket ny\u00fajtott sz\u00e1munkra a 4XD-s mozi, a<br>3D-s exojet szimul\u00e1tor, l\u00e9zerharc.<br>A kir\u00e1ndul\u00e1sok sor\u00e1n megcsod\u00e1lhattuk a Badacsonyt, Zalakarost, a Balatont. Sokan<br>k\u00f6z\u00fcl\u00fcnk el\u0151sz\u00f6r l\u00e1thatt\u00e1k ezeket a helyeket. A k\u00e1nikul\u00e1ban nagyon j\u00f3l esett a \u201emagyar<br>tenger\u201d h\u0171s viz\u00e9ben lubickolni.<br>Az egyik este Galambos Fec\u00f3 b\u0171v\u00e9szk\u00e9nt var\u00e1zsolt el benn\u00fcnket. Sok \u00faj tr\u00fckk\u00f6t<br>l\u00e1ttunk, tanulhattunk t\u0151le. A t\u00e1bor z\u00e1r\u00e1sak\u00e9nt, remek hangulatot teremtett a Canischa zenekar.<br>A nagyiv\u00e1ni \u00e1ltal\u00e1nos iskol\u00e1sokkal &#8211; akikkel egy\u00fctt t\u00e1boroztunk &#8211; hamar<br>\u00f6sszebar\u00e1tkoztunk, sok k\u00f6z\u00f6s \u00e9lm\u00e9nyt szerezt\u00fcnk. Seg\u00edt\u0151ink is nagyon kedvesek voltak,<br>igyekeztek mindenre odafigyelni.<br>A t\u00e1bor valamennyi perce \u00e9lm\u00e9ny volt sz\u00e1munkra! Az\u00f3ta is sokat gondolunk vissza<br>erre a kalandokkal teli h\u00e9tre! K\u00f6sz\u00f6nj\u00fck sz\u00e9pen a lehet\u0151s\u00e9get a szervez\u0151knek \u00e9s a<br>k\u00eds\u00e9r\u0151knek!<\/p>\n\n\n\n<p>Feh\u00e9r Anna \u00e9s J\u00f3n\u00e1s Lili Hanna<br>a Karcagi \u00c1ltal\u00e1nos Iskola \u00e9s Alapfok\u00fa M\u0171v\u00e9szeti Iskola<br>Kiskulcsosi \u00c1ltal\u00e1nos Iskolai Tagint\u00e9zm\u00e9ny\u00e9nek<\/p>\n\n\n\n<div class=\"wp-block-blockgallery-masonry\"><div class=\"blockgallery has-no-alignment has-caption-style-dark has-gutter\"><ul class=\"has-grid-xlrg has-gutter-15 has-gutter-mobile-15\"><li class=\"blockgallery--item\"><figure class=\"blockgallery--figure\"><a href=\"https:\/\/altisk-karcag.hu\/wp-content\/uploads\/2021\/09\/239433137_545525516690669_3851565122811515137_n.jpg\"><img decoding=\"async\" loading=\"lazy\" width=\"945\" height=\"623\" src=\"https:\/\/altisk-karcag.hu\/wp-content\/uploads\/2021\/09\/239433137_545525516690669_3851565122811515137_n.jpg\" alt=\"\" data-id=\"1159\" data-link=\"https:\/\/altisk-karcag.hu\/?attachment_id=1159\" class=\"wp-image-1159\" srcset=\"https:\/\/altisk-karcag.hu\/wp-content\/uploads\/2021\/09\/239433137_545525516690669_3851565122811515137_n.jpg 945w, https:\/\/altisk-karcag.hu\/wp-content\/uploads\/2021\/09\/239433137_545525516690669_3851565122811515137_n-300x198.jpg 300w, https:\/\/altisk-karcag.hu\/wp-content\/uploads\/2021\/09\/239433137_545525516690669_3851565122811515137_n-768x506.jpg 768w, https:\/\/altisk-karcag.hu\/wp-content\/uploads\/2021\/09\/239433137_545525516690669_3851565122811515137_n-150x99.jpg 150w\" sizes=\"(max-width: 945px) 100vw, 945px\" \/><\/a><\/figure><\/li><li class=\"blockgallery--item\"><figure class=\"blockgallery--figure\"><a href=\"https:\/\/altisk-karcag.hu\/wp-content\/uploads\/2021\/09\/240108392_2693313320975200_6479981622801006306_n.jpg\"><img decoding=\"async\" loading=\"lazy\" width=\"945\" height=\"658\" src=\"https:\/\/altisk-karcag.hu\/wp-content\/uploads\/2021\/09\/240108392_2693313320975200_6479981622801006306_n.jpg\" alt=\"\" data-id=\"1160\" data-link=\"https:\/\/altisk-karcag.hu\/?attachment_id=1160\" class=\"wp-image-1160\" srcset=\"https:\/\/altisk-karcag.hu\/wp-content\/uploads\/2021\/09\/240108392_2693313320975200_6479981622801006306_n.jpg 945w, https:\/\/altisk-karcag.hu\/wp-content\/uploads\/2021\/09\/240108392_2693313320975200_6479981622801006306_n-300x209.jpg 300w, https:\/\/altisk-karcag.hu\/wp-content\/uploads\/2021\/09\/240108392_2693313320975200_6479981622801006306_n-768x535.jpg 768w, https:\/\/altisk-karcag.hu\/wp-content\/uploads\/2021\/09\/240108392_2693313320975200_6479981622801006306_n-150x104.jpg 150w\" sizes=\"(max-width: 945px) 100vw, 945px\" \/><\/a><\/figure><\/li><li class=\"blockgallery--item\"><figure class=\"blockgallery--figure\"><a href=\"https:\/\/altisk-karcag.hu\/wp-content\/uploads\/2021\/09\/240878704_179490940948661_6995513220517972988_n.jpg\"><img decoding=\"async\" loading=\"lazy\" width=\"540\" height=\"782\" src=\"https:\/\/altisk-karcag.hu\/wp-content\/uploads\/2021\/09\/240878704_179490940948661_6995513220517972988_n.jpg\" alt=\"\" data-id=\"1161\" data-link=\"https:\/\/altisk-karcag.hu\/?attachment_id=1161\" class=\"wp-image-1161\" srcset=\"https:\/\/altisk-karcag.hu\/wp-content\/uploads\/2021\/09\/240878704_179490940948661_6995513220517972988_n.jpg 540w, https:\/\/altisk-karcag.hu\/wp-content\/uploads\/2021\/09\/240878704_179490940948661_6995513220517972988_n-207x300.jpg 207w, https:\/\/altisk-karcag.hu\/wp-content\/uploads\/2021\/09\/240878704_179490940948661_6995513220517972988_n-104x150.jpg 104w, https:\/\/altisk-karcag.hu\/wp-content\/uploads\/2021\/09\/240878704_179490940948661_6995513220517972988_n-300x434.jpg 300w\" sizes=\"(max-width: 540px) 100vw, 540px\" \/><\/a><\/figure><\/li><li class=\"blockgallery--item\"><figure class=\"blockgallery--figure\"><a href=\"https:\/\/altisk-karcag.hu\/wp-content\/uploads\/2021\/09\/240936919_365280868482275_4984694099719992218_n.jpg\"><img decoding=\"async\" loading=\"lazy\" width=\"540\" height=\"799\" src=\"https:\/\/altisk-karcag.hu\/wp-content\/uploads\/2021\/09\/240936919_365280868482275_4984694099719992218_n.jpg\" alt=\"\" data-id=\"1162\" data-link=\"https:\/\/altisk-karcag.hu\/?attachment_id=1162\" class=\"wp-image-1162\" srcset=\"https:\/\/altisk-karcag.hu\/wp-content\/uploads\/2021\/09\/240936919_365280868482275_4984694099719992218_n.jpg 540w, https:\/\/altisk-karcag.hu\/wp-content\/uploads\/2021\/09\/240936919_365280868482275_4984694099719992218_n-203x300.jpg 203w, https:\/\/altisk-karcag.hu\/wp-content\/uploads\/2021\/09\/240936919_365280868482275_4984694099719992218_n-101x150.jpg 101w, https:\/\/altisk-karcag.hu\/wp-content\/uploads\/2021\/09\/240936919_365280868482275_4984694099719992218_n-300x444.jpg 300w\" sizes=\"(max-width: 540px) 100vw, 540px\" \/><\/a><\/figure><\/li><li class=\"blockgallery--item\"><figure class=\"blockgallery--figure\"><a href=\"https:\/\/altisk-karcag.hu\/wp-content\/uploads\/2021\/09\/240950982_815210149139328_1930477888563386572_n.jpg\"><img decoding=\"async\" loading=\"lazy\" width=\"945\" height=\"556\" src=\"https:\/\/altisk-karcag.hu\/wp-content\/uploads\/2021\/09\/240950982_815210149139328_1930477888563386572_n.jpg\" alt=\"\" data-id=\"1163\" data-link=\"https:\/\/altisk-karcag.hu\/?attachment_id=1163\" class=\"wp-image-1163\" srcset=\"https:\/\/altisk-karcag.hu\/wp-content\/uploads\/2021\/09\/240950982_815210149139328_1930477888563386572_n.jpg 945w, https:\/\/altisk-karcag.hu\/wp-content\/uploads\/2021\/09\/240950982_815210149139328_1930477888563386572_n-300x177.jpg 300w, https:\/\/altisk-karcag.hu\/wp-content\/uploads\/2021\/09\/240950982_815210149139328_1930477888563386572_n-768x452.jpg 768w, https:\/\/altisk-karcag.hu\/wp-content\/uploads\/2021\/09\/240950982_815210149139328_1930477888563386572_n-150x88.jpg 150w\" sizes=\"(max-width: 945px) 100vw, 945px\" \/><\/a><\/figure><\/li><li class=\"blockgallery--item\"><figure class=\"blockgallery--figure\"><a href=\"https:\/\/altisk-karcag.hu\/wp-content\/uploads\/2021\/09\/240989978_205144208331497_8428224498133892037_n.jpg\"><img decoding=\"async\" loading=\"lazy\" width=\"945\" height=\"620\" src=\"https:\/\/altisk-karcag.hu\/wp-content\/uploads\/2021\/09\/240989978_205144208331497_8428224498133892037_n.jpg\" alt=\"\" data-id=\"1164\" data-link=\"https:\/\/altisk-karcag.hu\/?attachment_id=1164\" class=\"wp-image-1164\" srcset=\"https:\/\/altisk-karcag.hu\/wp-content\/uploads\/2021\/09\/240989978_205144208331497_8428224498133892037_n.jpg 945w, https:\/\/altisk-karcag.hu\/wp-content\/uploads\/2021\/09\/240989978_205144208331497_8428224498133892037_n-300x197.jpg 300w, https:\/\/altisk-karcag.hu\/wp-content\/uploads\/2021\/09\/240989978_205144208331497_8428224498133892037_n-768x504.jpg 768w, https:\/\/altisk-karcag.hu\/wp-content\/uploads\/2021\/09\/240989978_205144208331497_8428224498133892037_n-150x98.jpg 150w\" sizes=\"(max-width: 945px) 100vw, 945px\" \/><\/a><\/figure><\/li><\/ul><\/div><\/div>\n\n\n\n<ol start=\"8\"><li>oszt\u00e1lyos tanul\u00f3i<\/li><\/ol>\n","protected":false},"excerpt":{"rendered":"<p>Zalaszabar kisk\u00f6zs\u00e9g a Balatont\u00f3l \u00e9s Keszthelyt\u0151l nem messze. Egy paradicsomi hely,ahol t\u00f6bb mint t\u00edz \u00e9ve m\u0171k\u00f6dik t\u00e1bor, a Zobori \u00c9lm\u00e9nyparkban. J\u00falius elej\u00e9n L\u00e9vain\u00e9Kov\u00e1cs R\u00f3za int\u00e9zm\u00e9nyvezet\u0151-helyettes\u00fcnk \u00e9s Kir\u00e1lyn\u00e9 Zsuzsa n\u00e9ni, oszt\u00e1lyf\u0151n\u00f6k\u00fcnkir\u00e1ny\u00edt\u00e1s\u00e1val jutottunk el oszt\u00e1lyunkkal, a Gy\u00f3gy\u00edt\u00f3 Szent Erzs\u00e9bet &#8211; t\u00e1bor keretein bel\u00fcl, aHolnapocska t\u00e1borba.6 csod\u00e1latos napot t\u00f6lthett\u00fcnk itt el. D\u00e9lut\u00e1nonk\u00e9nt hull\u00e1mvasutaztunk, &hellip;<\/p>\n","protected":false},"author":1,"featured_media":1162,"comment_status":"closed","ping_status":"closed","sticky":false,"template":"","format":"standard","meta":{"footnotes":""},"categories":[10],"tags":[],"_links":{"self":[{"href":"https:\/\/altisk-karcag.hu\/index.php?rest_route=\/wp\/v2\/posts\/1158"}],"collection":[{"href":"https:\/\/altisk-karcag.hu\/index.php?rest_route=\/wp\/v2\/posts"}],"about":[{"href":"https:\/\/altisk-karcag.hu\/index.php?rest_route=\/wp\/v2\/types\/post"}],"author":[{"embeddable":true,"href":"https:\/\/altisk-karcag.hu\/index.php?rest_route=\/wp\/v2\/users\/1"}],"replies":[{"embeddable":true,"href":"https:\/\/altisk-karcag.hu\/index.php?rest_route=%2Fwp%2Fv2%2Fcomments&post=1158"}],"version-history":[{"count":2,"href":"https:\/\/altisk-karcag.hu\/index.php?rest_route=\/wp\/v2\/posts\/1158\/revisions"}],"predecessor-version":[{"id":1167,"href":"https:\/\/altisk-karcag.hu\/index.php?rest_route=\/wp\/v2\/posts\/1158\/revisions\/1167"}],"wp:featuredmedia":[{"embeddable":true,"href":"https:\/\/altisk-karcag.hu\/index.php?rest_route=\/wp\/v2\/media\/1162"}],"wp:attachment":[{"href":"https:\/\/altisk-karcag.hu\/index.php?rest_route=%2Fwp%2Fv2%2Fmedia&parent=1158"}],"wp:term":[{"taxonomy":"category","embeddable":true,"href":"https:\/\/altisk-karcag.hu\/index.php?rest_route=%2Fwp%2Fv2%2Fcategories&post=1158"},{"taxonomy":"post_tag","embeddable":true,"href":"https:\/\/altisk-karcag.hu\/index.php?rest_route=%2Fwp%2Fv2%2Ftags&post=1158"}],"curies":[{"name":"wp","href":"https:\/\/api.w.org\/{rel}","templated":true}]}}