{"id":1155,"date":"2021-09-14T13:34:45","date_gmt":"2021-09-14T13:34:45","guid":{"rendered":"https:\/\/altisk-karcag.hu\/?p=1155"},"modified":"2024-08-14T09:33:08","modified_gmt":"2024-08-14T09:33:08","slug":"dr-balogh-janos-termeszetismereti-vetelkedo-turkeven","status":"publish","type":"post","link":"https:\/\/altisk-karcag.hu\/?p=1155","title":{"rendered":"Dr. Balogh J\u00e1nos Term\u00e9szetismereti Vet\u00e9lked\u0151 T\u00farkev\u00e9n"},"content":{"rendered":"\n<p>A T\u00farkevei Pet\u0151fi S\u00e1ndor \u00c1ltal\u00e1nos Iskola minden \u00e9vben megrendezi a Dr. Balogh J\u00e1nos Term\u00e9szetismereti Vet\u00e9lked\u0151t, melyen a 2020-21-es tan\u00e9vben iskol\u00e1nk 4. oszt\u00e1lyos tanul\u00f3i I. helyez\u00e9st \u00e9rtek el. A d\u00edjakat 2021. augusztus 14-\u00e9n, a T\u00farkev\u00e9n megrendezett Balogh J\u00e1nos XVII. Nagykuns\u00e1gi-Nagy-S\u00e1rr\u00e9ti T\u00e1j\u00f6kol\u00f3giai Konferenci\u00e1n vehett\u00e9k \u00e1t a tanul\u00f3k.<\/p>\n\n\n\n<p>A csapat tagjai: Balogh Enik\u0151 Judit, Nagy Enik\u0151 Marianna, N\u00e9meth Ferenc<\/p>\n\n\n\n<p>Felk\u00e9sz\u00edt\u0151 pedag\u00f3gus: Heged\u0171sn\u00e9 F\u00f3ri\u00e1n Annam\u00e1ria<\/p>\n\n\n\n<div class=\"wp-block-image\"><figure class=\"aligncenter size-large\"><img decoding=\"async\" loading=\"lazy\" width=\"720\" height=\"960\" src=\"https:\/\/altisk-karcag.hu\/wp-content\/uploads\/2021\/09\/vetelkedo.jpg\" alt=\"\" class=\"wp-image-1156\" srcset=\"https:\/\/altisk-karcag.hu\/wp-content\/uploads\/2021\/09\/vetelkedo.jpg 720w, https:\/\/altisk-karcag.hu\/wp-content\/uploads\/2021\/09\/vetelkedo-225x300.jpg 225w, https:\/\/altisk-karcag.hu\/wp-content\/uploads\/2021\/09\/vetelkedo-113x150.jpg 113w, https:\/\/altisk-karcag.hu\/wp-content\/uploads\/2021\/09\/vetelkedo-300x400.jpg 300w\" sizes=\"(max-width: 720px) 100vw, 720px\" \/><\/figure><\/div>\n","protected":false},"excerpt":{"rendered":"<p>A T\u00farkevei Pet\u0151fi S\u00e1ndor \u00c1ltal\u00e1nos Iskola minden \u00e9vben megrendezi a Dr. Balogh J\u00e1nos Term\u00e9szetismereti Vet\u00e9lked\u0151t, melyen a 2020-21-es tan\u00e9vben iskol\u00e1nk 4. oszt\u00e1lyos tanul\u00f3i I. helyez\u00e9st \u00e9rtek el. A d\u00edjakat 2021. augusztus 14-\u00e9n, a T\u00farkev\u00e9n megrendezett Balogh J\u00e1nos XVII. Nagykuns\u00e1gi-Nagy-S\u00e1rr\u00e9ti T\u00e1j\u00f6kol\u00f3giai Konferenci\u00e1n vehett\u00e9k \u00e1t a tanul\u00f3k. A csapat tagjai: Balogh Enik\u0151 &hellip;<\/p>\n","protected":false},"author":1,"featured_media":0,"comment_status":"closed","ping_status":"closed","sticky":false,"template":"","format":"standard","meta":{"footnotes":""},"categories":[10],"tags":[],"_links":{"self":[{"href":"https:\/\/altisk-karcag.hu\/index.php?rest_route=\/wp\/v2\/posts\/1155"}],"collection":[{"href":"https:\/\/altisk-karcag.hu\/index.php?rest_route=\/wp\/v2\/posts"}],"about":[{"href":"https:\/\/altisk-karcag.hu\/index.php?rest_route=\/wp\/v2\/types\/post"}],"author":[{"embeddable":true,"href":"https:\/\/altisk-karcag.hu\/index.php?rest_route=\/wp\/v2\/users\/1"}],"replies":[{"embeddable":true,"href":"https:\/\/altisk-karcag.hu\/index.php?rest_route=%2Fwp%2Fv2%2Fcomments&post=1155"}],"version-history":[{"count":1,"href":"https:\/\/altisk-karcag.hu\/index.php?rest_route=\/wp\/v2\/posts\/1155\/revisions"}],"predecessor-version":[{"id":1157,"href":"https:\/\/altisk-karcag.hu\/index.php?rest_route=\/wp\/v2\/posts\/1155\/revisions\/1157"}],"wp:attachment":[{"href":"https:\/\/altisk-karcag.hu\/index.php?rest_route=%2Fwp%2Fv2%2Fmedia&parent=1155"}],"wp:term":[{"taxonomy":"category","embeddable":true,"href":"https:\/\/altisk-karcag.hu\/index.php?rest_route=%2Fwp%2Fv2%2Fcategories&post=1155"},{"taxonomy":"post_tag","embeddable":true,"href":"https:\/\/altisk-karcag.hu\/index.php?rest_route=%2Fwp%2Fv2%2Ftags&post=1155"}],"curies":[{"name":"wp","href":"https:\/\/api.w.org\/{rel}","templated":true}]}}