{"id":1127,"date":"2021-05-21T08:11:47","date_gmt":"2021-05-21T08:11:47","guid":{"rendered":"https:\/\/altisk-karcag.hu\/?p=1127"},"modified":"2024-08-14T09:33:13","modified_gmt":"2024-08-14T09:33:13","slug":"mehek-vilagnapja-a-kiskulcsosi-2-a-osztalyban","status":"publish","type":"post","link":"https:\/\/altisk-karcag.hu\/?p=1127","title":{"rendered":"M\u00e9hek vil\u00e1gnapja a Kiskulcsosi 2.a oszt\u00e1lyban"},"content":{"rendered":"\n<p>A Karcagi \u00c1ltal\u00e1nos Iskola \u00e9s Alapfok\u00fa M\u0171v\u00e9szeti Iskola Kiskulcsosi \u00c1ltal\u00e1nos Iskolai Tagint\u00e9zm\u00e9ny\u00e9nek 2.a oszt\u00e1lyos tanul\u00f3i \u00e9s tan\u00edt\u00f3i 2021. m\u00e1jus 20-\u00e1n megeml\u00e9keztek a m\u00e9hek vil\u00e1gnapj\u00e1r\u00f3l. Minden tan\u00f3ra a m\u00e9hecsk\u00e9kr\u0151l sz\u00f3lt aznap. Olvastunk, \u00e9nekelt\u00fcnk r\u00f3luk, rajzoltuk \u0151ket \u00e9s \u00edrtunk munk\u00e1ss\u00e1gukr\u00f3l, \u00e9let\u00fckr\u0151l. Filmet n\u00e9zt\u00fcnk a m\u00e9zk\u00e9sz\u00edt\u00e9sr\u0151l. T\u00edz\u00f3rai sz\u00fcnetben vajas m\u00e9zes kenyeret fogyasztottunk a Lengyel J\u00e1nos \u00e1ltal felaj\u00e1nlott termel\u0151i m\u00e9zb\u0151l valamint m\u00e9zes te\u00e1t ittunk. A gyerekek \u00e1ltal hozott t\u00e1rgyakb\u00f3l ki\u00e1ll\u00edt\u00e1st rendezt\u00fcnk az oszt\u00e1lyteremben. Volt, aki pl\u00fcss m\u00e9hecsk\u00e9t, h\u00e1romdimenzi\u00f3s kapt\u00e1rt hozott. De t\u00f6bben plak\u00e1tokat k\u00e9sz\u00edtettek.<\/p>\n\n\n\n<p>Lelkesen, vid\u00e1man telt a m\u00e9hecske projekt napunk. C\u00e9lunk volt, hogy nagyobb figyelmet ford\u00edtsunk k\u00f6rnyezet\u00fcnkre \u00e9s az \u00e9l\u0151vil\u00e1gra.<\/p>\n\n\n\n<p><strong>Ha v\u00e9dj\u00fck a m\u00e9heket, akkor \u00f3vjuk a term\u00e9szetet is! Ha sok m\u00e9zet fogyasztunk, akkor v\u00e9dj\u00fck a saj\u00e1t eg\u00e9szs\u00e9g\u00fcnket!<\/strong><\/p>\n\n\n\n<p>Szak\u00e1ll Kinga \u00e9s Veres Henrietta Katalin&nbsp;&nbsp;&nbsp;&nbsp;&nbsp;&nbsp;&nbsp;&nbsp;<\/p>\n\n\n\n<p>tan\u00edt\u00f3 n\u00e9nik<\/p>\n\n\n\n<figure class=\"wp-block-gallery columns-3 is-cropped wp-block-gallery-1 is-layout-flex wp-block-gallery-is-layout-flex\"><ul class=\"blocks-gallery-grid\"><li class=\"blocks-gallery-item\"><figure><img decoding=\"async\" loading=\"lazy\" width=\"579\" height=\"434\" src=\"https:\/\/altisk-karcag.hu\/wp-content\/uploads\/2021\/05\/1.jpg\" alt=\"\" data-id=\"1128\" data-full-url=\"https:\/\/altisk-karcag.hu\/wp-content\/uploads\/2021\/05\/1.jpg\" data-link=\"https:\/\/altisk-karcag.hu\/?attachment_id=1128\" class=\"wp-image-1128\" srcset=\"https:\/\/altisk-karcag.hu\/wp-content\/uploads\/2021\/05\/1.jpg 579w, https:\/\/altisk-karcag.hu\/wp-content\/uploads\/2021\/05\/1-300x225.jpg 300w, https:\/\/altisk-karcag.hu\/wp-content\/uploads\/2021\/05\/1-150x112.jpg 150w\" sizes=\"(max-width: 579px) 100vw, 579px\" \/><\/figure><\/li><li class=\"blocks-gallery-item\"><figure><img decoding=\"async\" loading=\"lazy\" width=\"569\" height=\"427\" src=\"https:\/\/altisk-karcag.hu\/wp-content\/uploads\/2021\/05\/2.jpg\" alt=\"\" data-id=\"1129\" data-full-url=\"https:\/\/altisk-karcag.hu\/wp-content\/uploads\/2021\/05\/2.jpg\" data-link=\"https:\/\/altisk-karcag.hu\/?attachment_id=1129\" class=\"wp-image-1129\" srcset=\"https:\/\/altisk-karcag.hu\/wp-content\/uploads\/2021\/05\/2.jpg 569w, https:\/\/altisk-karcag.hu\/wp-content\/uploads\/2021\/05\/2-300x225.jpg 300w, https:\/\/altisk-karcag.hu\/wp-content\/uploads\/2021\/05\/2-150x113.jpg 150w\" sizes=\"(max-width: 569px) 100vw, 569px\" \/><\/figure><\/li><li class=\"blocks-gallery-item\"><figure><img decoding=\"async\" loading=\"lazy\" width=\"614\" height=\"460\" src=\"https:\/\/altisk-karcag.hu\/wp-content\/uploads\/2021\/05\/3.jpg\" alt=\"\" data-id=\"1130\" data-full-url=\"https:\/\/altisk-karcag.hu\/wp-content\/uploads\/2021\/05\/3.jpg\" data-link=\"https:\/\/altisk-karcag.hu\/?attachment_id=1130\" class=\"wp-image-1130\" srcset=\"https:\/\/altisk-karcag.hu\/wp-content\/uploads\/2021\/05\/3.jpg 614w, https:\/\/altisk-karcag.hu\/wp-content\/uploads\/2021\/05\/3-300x225.jpg 300w, https:\/\/altisk-karcag.hu\/wp-content\/uploads\/2021\/05\/3-150x112.jpg 150w\" sizes=\"(max-width: 614px) 100vw, 614px\" \/><\/figure><\/li><\/ul><\/figure>\n","protected":false},"excerpt":{"rendered":"<p>A Karcagi \u00c1ltal\u00e1nos Iskola \u00e9s Alapfok\u00fa M\u0171v\u00e9szeti Iskola Kiskulcsosi \u00c1ltal\u00e1nos Iskolai Tagint\u00e9zm\u00e9ny\u00e9nek 2.a oszt\u00e1lyos tanul\u00f3i \u00e9s tan\u00edt\u00f3i 2021. m\u00e1jus 20-\u00e1n megeml\u00e9keztek a m\u00e9hek vil\u00e1gnapj\u00e1r\u00f3l. Minden tan\u00f3ra a m\u00e9hecsk\u00e9kr\u0151l sz\u00f3lt aznap. Olvastunk, \u00e9nekelt\u00fcnk r\u00f3luk, rajzoltuk \u0151ket \u00e9s \u00edrtunk munk\u00e1ss\u00e1gukr\u00f3l, \u00e9let\u00fckr\u0151l. Filmet n\u00e9zt\u00fcnk a m\u00e9zk\u00e9sz\u00edt\u00e9sr\u0151l. T\u00edz\u00f3rai sz\u00fcnetben vajas m\u00e9zes kenyeret fogyasztottunk a &hellip;<\/p>\n","protected":false},"author":1,"featured_media":1128,"comment_status":"closed","ping_status":"closed","sticky":false,"template":"","format":"standard","meta":{"footnotes":""},"categories":[10],"tags":[],"_links":{"self":[{"href":"https:\/\/altisk-karcag.hu\/index.php?rest_route=\/wp\/v2\/posts\/1127"}],"collection":[{"href":"https:\/\/altisk-karcag.hu\/index.php?rest_route=\/wp\/v2\/posts"}],"about":[{"href":"https:\/\/altisk-karcag.hu\/index.php?rest_route=\/wp\/v2\/types\/post"}],"author":[{"embeddable":true,"href":"https:\/\/altisk-karcag.hu\/index.php?rest_route=\/wp\/v2\/users\/1"}],"replies":[{"embeddable":true,"href":"https:\/\/altisk-karcag.hu\/index.php?rest_route=%2Fwp%2Fv2%2Fcomments&post=1127"}],"version-history":[{"count":1,"href":"https:\/\/altisk-karcag.hu\/index.php?rest_route=\/wp\/v2\/posts\/1127\/revisions"}],"predecessor-version":[{"id":1131,"href":"https:\/\/altisk-karcag.hu\/index.php?rest_route=\/wp\/v2\/posts\/1127\/revisions\/1131"}],"wp:featuredmedia":[{"embeddable":true,"href":"https:\/\/altisk-karcag.hu\/index.php?rest_route=\/wp\/v2\/media\/1128"}],"wp:attachment":[{"href":"https:\/\/altisk-karcag.hu\/index.php?rest_route=%2Fwp%2Fv2%2Fmedia&parent=1127"}],"wp:term":[{"taxonomy":"category","embeddable":true,"href":"https:\/\/altisk-karcag.hu\/index.php?rest_route=%2Fwp%2Fv2%2Fcategories&post=1127"},{"taxonomy":"post_tag","embeddable":true,"href":"https:\/\/altisk-karcag.hu\/index.php?rest_route=%2Fwp%2Fv2%2Ftags&post=1127"}],"curies":[{"name":"wp","href":"https:\/\/api.w.org\/{rel}","templated":true}]}}