{"id":1112,"date":"2021-05-21T08:05:56","date_gmt":"2021-05-21T08:05:56","guid":{"rendered":"https:\/\/altisk-karcag.hu\/?p=1112"},"modified":"2024-08-14T09:33:19","modified_gmt":"2024-08-14T09:33:19","slug":"kiskulcsosi-csigabiga-palota-mesemondok","status":"publish","type":"post","link":"https:\/\/altisk-karcag.hu\/?p=1112","title":{"rendered":"Kiskulcsosi \u201eCSIGABIGA PALOTA\u201d Mesemond\u00f3k"},"content":{"rendered":"\n<p>A D\u00e9ryn\u00e9 Kultur\u00e1lis, Turisztikai, Sport K\u00f6zpont \u00e9s K\u00f6nyvt\u00e1r \u201eCSIGABIGA PALOTA\u201d c\u00edm\u0171 v\u00e1rosi online mesemond\u00f3 verseny\u00e9n a K\u00c1IAMI Kiskulcsosi \u00c1ltal\u00e1nos Iskolai Tagint\u00e9zm\u00e9ny\u00e9nek als\u00f3 tagozatos tanul\u00f3i sz\u00e9p eredm\u00e9nyeket \u00e9rtek el 2021. m\u00e1jus 5-\u00e9n.<\/p>\n\n\n\n<p>Ebben az \u00e9vben is a v\u00e1rosi mesemond\u00f3 verseny nem a hagyom\u00e1nyos form\u00e1ban ker\u00fclt megrendez\u00e9sre. Tagint\u00e9zm\u00e9ny\u00fcnk egyik tanterm\u00e9ben, tavaszi d\u00edszlet el\u0151tt \u00e1llva kellett kis mesemond\u00f3inknak a v\u00e1lasztott mes\u00e9j\u00fcket elmondaniuk. A szabadabb k\u00f6rnyezet sok esetben oldotta a gyerekek fesz\u00fclts\u00e9g\u00e9t, k\u00f6nny\u00edtette a kamera el\u0151tti szerepl\u00e9st.<\/p>\n\n\n\n<p>A digit\u00e1lis \u201emes\u00e9s\u201d felv\u00e9teleket a megadott form\u00e1tumban tov\u00e1bb\u00edtottuk a zs\u0171rinek, amely tagjai a k\u00f6vetkez\u0151k\u00e9ppen \u00e9rt\u00e9keltek.<\/p>\n\n\n\n<p><strong><u>Min\u0151s\u00edt\u00e9sek 1-2. oszt\u00e1lyosok kateg\u00f3ri\u00e1ban:<\/u><\/strong><\/p>\n\n\n\n<p><strong><u>Bronz:<\/u><\/strong><\/p>\n\n\n\n<p>Mile S\u00e1ndor 1.a Felk\u00e9sz\u00edt\u0151 pedag\u00f3gus: Dobos Ang\u00e9la<\/p>\n\n\n\n<p>Kov\u00e1cs \u00c1kos 1.b &nbsp;Felk\u00e9sz\u00edt\u0151 pedag\u00f3gus: N\u00e9methn\u00e9 Nagy Julianna<strong><\/strong><\/p>\n\n\n\n<p>\u00d6kr\u00f6s J\u00e1zmin 2.a&nbsp; Felk\u00e9sz\u00edt\u0151 pedag\u00f3gus: Veres Henrietta Katalin<\/p>\n\n\n\n<p><strong><u>Min\u0151s\u00edt\u00e9sek 3-4. oszt\u00e1lyosok kateg\u00f3ri\u00e1ban:<\/u><\/strong><\/p>\n\n\n\n<p><strong><u>Arany:<\/u><\/strong><\/p>\n\n\n\n<p>N\u00e9meth Ferenc 4.a&nbsp; Felk\u00e9sz\u00edt\u0151 pedag\u00f3gus: Csornai-Nagy Erzs\u00e9bet<\/p>\n\n\n\n<p>Sz\u00edvb\u0151l gratul\u00e1lunk minden el\u0151ad\u00f3nak \u00e9s felk\u00e9sz\u00edt\u0151 pedag\u00f3gusnak! <\/p>\n\n\n\n<p>Veres Henrietta Katalin<\/p>\n\n\n\n<figure class=\"wp-block-gallery aligncenter columns-3 is-cropped wp-block-gallery-1 is-layout-flex wp-block-gallery-is-layout-flex\"><ul class=\"blocks-gallery-grid\"><li class=\"blocks-gallery-item\"><figure><img decoding=\"async\" loading=\"lazy\" width=\"1024\" height=\"768\" src=\"https:\/\/altisk-karcag.hu\/wp-content\/uploads\/2021\/05\/Angi-Sanyika-1-1024x768.jpg\" alt=\"\" data-id=\"1114\" data-full-url=\"https:\/\/altisk-karcag.hu\/wp-content\/uploads\/2021\/05\/Angi-Sanyika-1-scaled.jpg\" data-link=\"https:\/\/altisk-karcag.hu\/?attachment_id=1114\" class=\"wp-image-1114\" srcset=\"https:\/\/altisk-karcag.hu\/wp-content\/uploads\/2021\/05\/Angi-Sanyika-1-1024x768.jpg 1024w, https:\/\/altisk-karcag.hu\/wp-content\/uploads\/2021\/05\/Angi-Sanyika-1-300x225.jpg 300w, https:\/\/altisk-karcag.hu\/wp-content\/uploads\/2021\/05\/Angi-Sanyika-1-768x576.jpg 768w, https:\/\/altisk-karcag.hu\/wp-content\/uploads\/2021\/05\/Angi-Sanyika-1-1536x1152.jpg 1536w, https:\/\/altisk-karcag.hu\/wp-content\/uploads\/2021\/05\/Angi-Sanyika-1-2048x1536.jpg 2048w, https:\/\/altisk-karcag.hu\/wp-content\/uploads\/2021\/05\/Angi-Sanyika-1-150x113.jpg 150w, https:\/\/altisk-karcag.hu\/wp-content\/uploads\/2021\/05\/Angi-Sanyika-1-1200x900.jpg 1200w\" sizes=\"(max-width: 1024px) 100vw, 1024px\" \/><\/figure><\/li><li class=\"blocks-gallery-item\"><figure><img decoding=\"async\" loading=\"lazy\" width=\"1024\" height=\"768\" src=\"https:\/\/altisk-karcag.hu\/wp-content\/uploads\/2021\/05\/Jettike-Jazmin-1-1024x768.jpg\" alt=\"\" data-id=\"1116\" data-full-url=\"https:\/\/altisk-karcag.hu\/wp-content\/uploads\/2021\/05\/Jettike-Jazmin-1-scaled.jpg\" data-link=\"https:\/\/altisk-karcag.hu\/?attachment_id=1116\" class=\"wp-image-1116\" srcset=\"https:\/\/altisk-karcag.hu\/wp-content\/uploads\/2021\/05\/Jettike-Jazmin-1-1024x768.jpg 1024w, https:\/\/altisk-karcag.hu\/wp-content\/uploads\/2021\/05\/Jettike-Jazmin-1-300x225.jpg 300w, https:\/\/altisk-karcag.hu\/wp-content\/uploads\/2021\/05\/Jettike-Jazmin-1-768x576.jpg 768w, https:\/\/altisk-karcag.hu\/wp-content\/uploads\/2021\/05\/Jettike-Jazmin-1-1536x1152.jpg 1536w, https:\/\/altisk-karcag.hu\/wp-content\/uploads\/2021\/05\/Jettike-Jazmin-1-2048x1536.jpg 2048w, https:\/\/altisk-karcag.hu\/wp-content\/uploads\/2021\/05\/Jettike-Jazmin-1-150x113.jpg 150w, https:\/\/altisk-karcag.hu\/wp-content\/uploads\/2021\/05\/Jettike-Jazmin-1-1200x900.jpg 1200w\" sizes=\"(max-width: 1024px) 100vw, 1024px\" \/><\/figure><\/li><li class=\"blocks-gallery-item\"><figure><img decoding=\"async\" loading=\"lazy\" width=\"1024\" height=\"768\" src=\"https:\/\/altisk-karcag.hu\/wp-content\/uploads\/2021\/05\/Julika-Akos-1-1024x768.jpg\" alt=\"\" data-id=\"1118\" data-full-url=\"https:\/\/altisk-karcag.hu\/wp-content\/uploads\/2021\/05\/Julika-Akos-1-scaled.jpg\" data-link=\"https:\/\/altisk-karcag.hu\/?attachment_id=1118\" class=\"wp-image-1118\" srcset=\"https:\/\/altisk-karcag.hu\/wp-content\/uploads\/2021\/05\/Julika-Akos-1-1024x768.jpg 1024w, https:\/\/altisk-karcag.hu\/wp-content\/uploads\/2021\/05\/Julika-Akos-1-300x225.jpg 300w, https:\/\/altisk-karcag.hu\/wp-content\/uploads\/2021\/05\/Julika-Akos-1-768x576.jpg 768w, https:\/\/altisk-karcag.hu\/wp-content\/uploads\/2021\/05\/Julika-Akos-1-1536x1152.jpg 1536w, https:\/\/altisk-karcag.hu\/wp-content\/uploads\/2021\/05\/Julika-Akos-1-2048x1536.jpg 2048w, https:\/\/altisk-karcag.hu\/wp-content\/uploads\/2021\/05\/Julika-Akos-1-150x113.jpg 150w, https:\/\/altisk-karcag.hu\/wp-content\/uploads\/2021\/05\/Julika-Akos-1-1200x900.jpg 1200w\" sizes=\"(max-width: 1024px) 100vw, 1024px\" \/><\/figure><\/li><li class=\"blocks-gallery-item\"><figure><img decoding=\"async\" loading=\"lazy\" width=\"1024\" height=\"768\" src=\"https:\/\/altisk-karcag.hu\/wp-content\/uploads\/2021\/05\/Negyen-1-1024x768.jpg\" alt=\"\" data-id=\"1120\" data-full-url=\"https:\/\/altisk-karcag.hu\/wp-content\/uploads\/2021\/05\/Negyen-1-scaled.jpg\" data-link=\"https:\/\/altisk-karcag.hu\/?attachment_id=1120\" class=\"wp-image-1120\" srcset=\"https:\/\/altisk-karcag.hu\/wp-content\/uploads\/2021\/05\/Negyen-1-1024x768.jpg 1024w, https:\/\/altisk-karcag.hu\/wp-content\/uploads\/2021\/05\/Negyen-1-300x225.jpg 300w, https:\/\/altisk-karcag.hu\/wp-content\/uploads\/2021\/05\/Negyen-1-768x576.jpg 768w, https:\/\/altisk-karcag.hu\/wp-content\/uploads\/2021\/05\/Negyen-1-1536x1152.jpg 1536w, https:\/\/altisk-karcag.hu\/wp-content\/uploads\/2021\/05\/Negyen-1-2048x1536.jpg 2048w, https:\/\/altisk-karcag.hu\/wp-content\/uploads\/2021\/05\/Negyen-1-150x113.jpg 150w, https:\/\/altisk-karcag.hu\/wp-content\/uploads\/2021\/05\/Negyen-1-1200x900.jpg 1200w\" sizes=\"(max-width: 1024px) 100vw, 1024px\" \/><\/figure><\/li><li class=\"blocks-gallery-item\"><figure><img decoding=\"async\" loading=\"lazy\" width=\"1024\" height=\"768\" src=\"https:\/\/altisk-karcag.hu\/wp-content\/uploads\/2021\/05\/Nemeth-Feco-1-1024x768.jpg\" alt=\"\" data-id=\"1122\" data-full-url=\"https:\/\/altisk-karcag.hu\/wp-content\/uploads\/2021\/05\/Nemeth-Feco-1-scaled.jpg\" data-link=\"https:\/\/altisk-karcag.hu\/?attachment_id=1122\" class=\"wp-image-1122\" srcset=\"https:\/\/altisk-karcag.hu\/wp-content\/uploads\/2021\/05\/Nemeth-Feco-1-1024x768.jpg 1024w, https:\/\/altisk-karcag.hu\/wp-content\/uploads\/2021\/05\/Nemeth-Feco-1-300x225.jpg 300w, https:\/\/altisk-karcag.hu\/wp-content\/uploads\/2021\/05\/Nemeth-Feco-1-768x576.jpg 768w, https:\/\/altisk-karcag.hu\/wp-content\/uploads\/2021\/05\/Nemeth-Feco-1-1536x1152.jpg 1536w, https:\/\/altisk-karcag.hu\/wp-content\/uploads\/2021\/05\/Nemeth-Feco-1-2048x1536.jpg 2048w, https:\/\/altisk-karcag.hu\/wp-content\/uploads\/2021\/05\/Nemeth-Feco-1-150x113.jpg 150w, https:\/\/altisk-karcag.hu\/wp-content\/uploads\/2021\/05\/Nemeth-Feco-1-1200x900.jpg 1200w\" sizes=\"(max-width: 1024px) 100vw, 1024px\" \/><\/figure><\/li><\/ul><\/figure>\n","protected":false},"excerpt":{"rendered":"<p>A D\u00e9ryn\u00e9 Kultur\u00e1lis, Turisztikai, Sport K\u00f6zpont \u00e9s K\u00f6nyvt\u00e1r \u201eCSIGABIGA PALOTA\u201d c\u00edm\u0171 v\u00e1rosi online mesemond\u00f3 verseny\u00e9n a K\u00c1IAMI Kiskulcsosi \u00c1ltal\u00e1nos Iskolai Tagint\u00e9zm\u00e9ny\u00e9nek als\u00f3 tagozatos tanul\u00f3i sz\u00e9p eredm\u00e9nyeket \u00e9rtek el 2021. m\u00e1jus 5-\u00e9n. Ebben az \u00e9vben is a v\u00e1rosi mesemond\u00f3 verseny nem a hagyom\u00e1nyos form\u00e1ban ker\u00fclt megrendez\u00e9sre. Tagint\u00e9zm\u00e9ny\u00fcnk egyik tanterm\u00e9ben, tavaszi d\u00edszlet &hellip;<\/p>\n","protected":false},"author":1,"featured_media":1119,"comment_status":"closed","ping_status":"closed","sticky":false,"template":"","format":"standard","meta":{"footnotes":""},"categories":[10],"tags":[],"_links":{"self":[{"href":"https:\/\/altisk-karcag.hu\/index.php?rest_route=\/wp\/v2\/posts\/1112"}],"collection":[{"href":"https:\/\/altisk-karcag.hu\/index.php?rest_route=\/wp\/v2\/posts"}],"about":[{"href":"https:\/\/altisk-karcag.hu\/index.php?rest_route=\/wp\/v2\/types\/post"}],"author":[{"embeddable":true,"href":"https:\/\/altisk-karcag.hu\/index.php?rest_route=\/wp\/v2\/users\/1"}],"replies":[{"embeddable":true,"href":"https:\/\/altisk-karcag.hu\/index.php?rest_route=%2Fwp%2Fv2%2Fcomments&post=1112"}],"version-history":[{"count":3,"href":"https:\/\/altisk-karcag.hu\/index.php?rest_route=\/wp\/v2\/posts\/1112\/revisions"}],"predecessor-version":[{"id":1126,"href":"https:\/\/altisk-karcag.hu\/index.php?rest_route=\/wp\/v2\/posts\/1112\/revisions\/1126"}],"wp:featuredmedia":[{"embeddable":true,"href":"https:\/\/altisk-karcag.hu\/index.php?rest_route=\/wp\/v2\/media\/1119"}],"wp:attachment":[{"href":"https:\/\/altisk-karcag.hu\/index.php?rest_route=%2Fwp%2Fv2%2Fmedia&parent=1112"}],"wp:term":[{"taxonomy":"category","embeddable":true,"href":"https:\/\/altisk-karcag.hu\/index.php?rest_route=%2Fwp%2Fv2%2Fcategories&post=1112"},{"taxonomy":"post_tag","embeddable":true,"href":"https:\/\/altisk-karcag.hu\/index.php?rest_route=%2Fwp%2Fv2%2Ftags&post=1112"}],"curies":[{"name":"wp","href":"https:\/\/api.w.org\/{rel}","templated":true}]}}