{"id":1094,"date":"2021-05-21T07:56:28","date_gmt":"2021-05-21T07:56:28","guid":{"rendered":"https:\/\/altisk-karcag.hu\/?p=1094"},"modified":"2024-08-14T09:33:32","modified_gmt":"2024-08-14T09:33:32","slug":"online-szinhazi-eloadas-kiskulcsoson","status":"publish","type":"post","link":"https:\/\/altisk-karcag.hu\/?p=1094","title":{"rendered":"Online sz\u00ednh\u00e1zi el\u0151ad\u00e1s Kiskulcsoson"},"content":{"rendered":"\n<p>A Karcagi Tanker\u00fcleti K\u00f6zpont szervez\u00e9s\u00e9ben 2021. \u00e1prilis 29-\u00e9n a K\u00c1IAMI Kiskulcsosi Tagint\u00e9zm\u00e9ny als\u00f3 tagozatos tanul\u00f3i \u00e9s pedag\u00f3gusai a Szolnoki Szigligeti Sz\u00ednh\u00e1z A besz\u00e9l\u0151 fa c\u00edm\u0171 online el\u0151ad\u00e1s\u00e1t tekinthett\u00e9k meg interneten kereszt\u00fcl. El\u0151zetes regisztr\u00e1ci\u00f3t k\u00f6vet\u0151en minden oszt\u00e1ly saj\u00e1t tanterm\u00e9ben lelkesen, nagy \u00e9rdekl\u0151d\u00e9ssel v\u00e1rta az el\u0151ad\u00e1st. A k\u00f6zvet\u00edt\u00e9s 10:00-kor kezd\u0151d\u00f6tt, nagy figyelemmel n\u00e9zt\u00e9k a gyerekek, lek\u00f6t\u00f6tte \u0151ket az alkot\u00e1s.<br>Bele\u00e9lt\u00e9k magukat a cselekm\u00e9nybe, az esem\u00e9nybe. R\u00e1csod\u00e1lkoztak a sz\u00edn\u00e9szekre, a d\u00edszletre, a jelmezekre. A k\u00f6rnyezettudatoss\u00e1g, a k\u00f6rnyezetv\u00e9delem kiv\u00e1l\u00f3an visszat\u00fckr\u00f6z\u0151d\u00f6tt az el\u0151ad\u00e1sban. Nagyon tetszett mindenkinek a t\u00f6rt\u00e9net mondanival\u00f3ja. El\u00e9rte c\u00e9lj\u00e1t, hogy nagyobb figyelmet ford\u00edtsunk k\u00f6rnyezet\u00fcnkre \u00e9s az \u00e9l\u0151vil\u00e1gra. Kiz\u00f6kkentette tanul\u00f3inkat a mindennapokb\u00f3l ez a kultur\u00e1lis program. K\u00f6sz\u00f6nj\u00fck a lehet\u0151s\u00e9get!<br>Veres Henrietta Katalin<\/p>\n\n\n\n<figure class=\"wp-block-gallery aligncenter columns-2 is-cropped wp-block-gallery-1 is-layout-flex wp-block-gallery-is-layout-flex\"><ul class=\"blocks-gallery-grid\"><li class=\"blocks-gallery-item\"><figure><img decoding=\"async\" loading=\"lazy\" width=\"575\" height=\"432\" src=\"https:\/\/altisk-karcag.hu\/wp-content\/uploads\/2021\/05\/elo1.jpg\" alt=\"\" data-id=\"1095\" data-full-url=\"https:\/\/altisk-karcag.hu\/wp-content\/uploads\/2021\/05\/elo1.jpg\" data-link=\"https:\/\/altisk-karcag.hu\/?attachment_id=1095\" class=\"wp-image-1095\" srcset=\"https:\/\/altisk-karcag.hu\/wp-content\/uploads\/2021\/05\/elo1.jpg 575w, https:\/\/altisk-karcag.hu\/wp-content\/uploads\/2021\/05\/elo1-300x225.jpg 300w, https:\/\/altisk-karcag.hu\/wp-content\/uploads\/2021\/05\/elo1-150x113.jpg 150w\" sizes=\"(max-width: 575px) 100vw, 575px\" \/><\/figure><\/li><li class=\"blocks-gallery-item\"><figure><img decoding=\"async\" loading=\"lazy\" width=\"577\" height=\"433\" src=\"https:\/\/altisk-karcag.hu\/wp-content\/uploads\/2021\/05\/elo2.jpg\" alt=\"\" data-id=\"1096\" data-full-url=\"https:\/\/altisk-karcag.hu\/wp-content\/uploads\/2021\/05\/elo2.jpg\" data-link=\"https:\/\/altisk-karcag.hu\/?attachment_id=1096\" class=\"wp-image-1096\" srcset=\"https:\/\/altisk-karcag.hu\/wp-content\/uploads\/2021\/05\/elo2.jpg 577w, https:\/\/altisk-karcag.hu\/wp-content\/uploads\/2021\/05\/elo2-300x225.jpg 300w, https:\/\/altisk-karcag.hu\/wp-content\/uploads\/2021\/05\/elo2-150x113.jpg 150w\" sizes=\"(max-width: 577px) 100vw, 577px\" \/><\/figure><\/li><\/ul><\/figure>\n","protected":false},"excerpt":{"rendered":"<p>A Karcagi Tanker\u00fcleti K\u00f6zpont szervez\u00e9s\u00e9ben 2021. \u00e1prilis 29-\u00e9n a K\u00c1IAMI Kiskulcsosi Tagint\u00e9zm\u00e9ny als\u00f3 tagozatos tanul\u00f3i \u00e9s pedag\u00f3gusai a Szolnoki Szigligeti Sz\u00ednh\u00e1z A besz\u00e9l\u0151 fa c\u00edm\u0171 online el\u0151ad\u00e1s\u00e1t tekinthett\u00e9k meg interneten kereszt\u00fcl. El\u0151zetes regisztr\u00e1ci\u00f3t k\u00f6vet\u0151en minden oszt\u00e1ly saj\u00e1t tanterm\u00e9ben lelkesen, nagy \u00e9rdekl\u0151d\u00e9ssel v\u00e1rta az el\u0151ad\u00e1st. A k\u00f6zvet\u00edt\u00e9s 10:00-kor kezd\u0151d\u00f6tt, nagy figyelemmel &hellip;<\/p>\n","protected":false},"author":1,"featured_media":1096,"comment_status":"closed","ping_status":"closed","sticky":false,"template":"","format":"standard","meta":{"footnotes":""},"categories":[10],"tags":[],"_links":{"self":[{"href":"https:\/\/altisk-karcag.hu\/index.php?rest_route=\/wp\/v2\/posts\/1094"}],"collection":[{"href":"https:\/\/altisk-karcag.hu\/index.php?rest_route=\/wp\/v2\/posts"}],"about":[{"href":"https:\/\/altisk-karcag.hu\/index.php?rest_route=\/wp\/v2\/types\/post"}],"author":[{"embeddable":true,"href":"https:\/\/altisk-karcag.hu\/index.php?rest_route=\/wp\/v2\/users\/1"}],"replies":[{"embeddable":true,"href":"https:\/\/altisk-karcag.hu\/index.php?rest_route=%2Fwp%2Fv2%2Fcomments&post=1094"}],"version-history":[{"count":1,"href":"https:\/\/altisk-karcag.hu\/index.php?rest_route=\/wp\/v2\/posts\/1094\/revisions"}],"predecessor-version":[{"id":1097,"href":"https:\/\/altisk-karcag.hu\/index.php?rest_route=\/wp\/v2\/posts\/1094\/revisions\/1097"}],"wp:featuredmedia":[{"embeddable":true,"href":"https:\/\/altisk-karcag.hu\/index.php?rest_route=\/wp\/v2\/media\/1096"}],"wp:attachment":[{"href":"https:\/\/altisk-karcag.hu\/index.php?rest_route=%2Fwp%2Fv2%2Fmedia&parent=1094"}],"wp:term":[{"taxonomy":"category","embeddable":true,"href":"https:\/\/altisk-karcag.hu\/index.php?rest_route=%2Fwp%2Fv2%2Fcategories&post=1094"},{"taxonomy":"post_tag","embeddable":true,"href":"https:\/\/altisk-karcag.hu\/index.php?rest_route=%2Fwp%2Fv2%2Ftags&post=1094"}],"curies":[{"name":"wp","href":"https:\/\/api.w.org\/{rel}","templated":true}]}}