{"id":1090,"date":"2021-05-21T07:43:41","date_gmt":"2021-05-21T07:43:41","guid":{"rendered":"https:\/\/altisk-karcag.hu\/?p=1090"},"modified":"2024-08-14T09:33:38","modified_gmt":"2024-08-14T09:33:38","slug":"orszagos-dontobe-jutottak-a-kiskulcsosi-diakok","status":"publish","type":"post","link":"https:\/\/altisk-karcag.hu\/?p=1090","title":{"rendered":"Orsz\u00e1gos d\u00f6nt\u0151be jutottak a Kiskulcsosi di\u00e1kok"},"content":{"rendered":"\n<p>A tavalyi orsz\u00e1gos els\u0151 helyez\u00e9s ut\u00e1n egy pillanatig sem gondolkodtuk, hogy ebben az \u00e9vben is jelentkezz\u00fcnk a Curie K\u00f6rnyezetv\u00e9delmi Eml\u00e9kversenyre. A harmadik oszt\u00e1lyb\u00f3l Kiss Lili\u00e1na, Kun Gergely, Laczk\u00f3 Levente (felk\u00e9sz\u00edt\u0151 pedag\u00f3gus: Andr\u00e1si Erika) jelentkezt\u00fcnk a megm\u00e9rettet\u00e9sre. H\u00e1rom t\u00e9m\u00e1ban oldottak meg feladatsort a gyerekek, amit lev\u00e9lben kellett visszak\u00fcldeni. Majd a pontsz\u00e1mok alapj\u00e1n ter\u00fcleti d\u00f6nt\u0151n vett\u00fcnk r\u00e9szt, amely a v\u00edrushelyzetre val\u00f3 tekintettel online ker\u00fclt megrendez\u00e9sre. A pontsz\u00e1mok alapj\u00e1n bejutott a csapat az orsz\u00e1gos d\u00f6nt\u0151be! Nagy lelkesed\u00e9ssel \u00e9s sok tanul\u00e1ssal k\u00e9sz\u00fcl\u00fcnk, \u00e9s b\u00edzunk benne,<br>hogy ism\u00e9t sz\u00e9p sikert \u00e9r\u00fcnk el!<\/p>\n\n\n\n<div class=\"wp-block-image\"><figure class=\"aligncenter size-large\"><img decoding=\"async\" loading=\"lazy\" width=\"768\" height=\"1024\" src=\"https:\/\/altisk-karcag.hu\/wp-content\/uploads\/2021\/05\/curie-e1621583089339-768x1024.jpg\" alt=\"\" class=\"wp-image-1091\" srcset=\"https:\/\/altisk-karcag.hu\/wp-content\/uploads\/2021\/05\/curie-e1621583089339-768x1024.jpg 768w, https:\/\/altisk-karcag.hu\/wp-content\/uploads\/2021\/05\/curie-e1621583089339-225x300.jpg 225w, https:\/\/altisk-karcag.hu\/wp-content\/uploads\/2021\/05\/curie-e1621583089339-113x150.jpg 113w, https:\/\/altisk-karcag.hu\/wp-content\/uploads\/2021\/05\/curie-e1621583089339-300x400.jpg 300w, https:\/\/altisk-karcag.hu\/wp-content\/uploads\/2021\/05\/curie-e1621583089339.jpg 1040w\" sizes=\"(max-width: 768px) 100vw, 768px\" \/><\/figure><\/div>\n","protected":false},"excerpt":{"rendered":"<p>A tavalyi orsz\u00e1gos els\u0151 helyez\u00e9s ut\u00e1n egy pillanatig sem gondolkodtuk, hogy ebben az \u00e9vben is jelentkezz\u00fcnk a Curie K\u00f6rnyezetv\u00e9delmi Eml\u00e9kversenyre. A harmadik oszt\u00e1lyb\u00f3l Kiss Lili\u00e1na, Kun Gergely, Laczk\u00f3 Levente (felk\u00e9sz\u00edt\u0151 pedag\u00f3gus: Andr\u00e1si Erika) jelentkezt\u00fcnk a megm\u00e9rettet\u00e9sre. H\u00e1rom t\u00e9m\u00e1ban oldottak meg feladatsort a gyerekek, amit lev\u00e9lben kellett visszak\u00fcldeni. Majd a pontsz\u00e1mok &hellip;<\/p>\n","protected":false},"author":1,"featured_media":1091,"comment_status":"closed","ping_status":"closed","sticky":false,"template":"","format":"standard","meta":{"footnotes":""},"categories":[10],"tags":[],"_links":{"self":[{"href":"https:\/\/altisk-karcag.hu\/index.php?rest_route=\/wp\/v2\/posts\/1090"}],"collection":[{"href":"https:\/\/altisk-karcag.hu\/index.php?rest_route=\/wp\/v2\/posts"}],"about":[{"href":"https:\/\/altisk-karcag.hu\/index.php?rest_route=\/wp\/v2\/types\/post"}],"author":[{"embeddable":true,"href":"https:\/\/altisk-karcag.hu\/index.php?rest_route=\/wp\/v2\/users\/1"}],"replies":[{"embeddable":true,"href":"https:\/\/altisk-karcag.hu\/index.php?rest_route=%2Fwp%2Fv2%2Fcomments&post=1090"}],"version-history":[{"count":2,"href":"https:\/\/altisk-karcag.hu\/index.php?rest_route=\/wp\/v2\/posts\/1090\/revisions"}],"predecessor-version":[{"id":1093,"href":"https:\/\/altisk-karcag.hu\/index.php?rest_route=\/wp\/v2\/posts\/1090\/revisions\/1093"}],"wp:featuredmedia":[{"embeddable":true,"href":"https:\/\/altisk-karcag.hu\/index.php?rest_route=\/wp\/v2\/media\/1091"}],"wp:attachment":[{"href":"https:\/\/altisk-karcag.hu\/index.php?rest_route=%2Fwp%2Fv2%2Fmedia&parent=1090"}],"wp:term":[{"taxonomy":"category","embeddable":true,"href":"https:\/\/altisk-karcag.hu\/index.php?rest_route=%2Fwp%2Fv2%2Fcategories&post=1090"},{"taxonomy":"post_tag","embeddable":true,"href":"https:\/\/altisk-karcag.hu\/index.php?rest_route=%2Fwp%2Fv2%2Ftags&post=1090"}],"curies":[{"name":"wp","href":"https:\/\/api.w.org\/{rel}","templated":true}]}}